
{"id":11856,"date":"2016-07-01T18:52:04","date_gmt":"2016-07-01T18:52:04","guid":{"rendered":"https:\/\/www.lejournalduforkane.com\/?p=11856"},"modified":"2016-07-01T18:52:04","modified_gmt":"2016-07-01T18:52:04","slug":"video-journee-mondiale-dal-qods-manifestation-monstre-dans-la-capitale-yemenite","status":"publish","type":"post","link":"https:\/\/www.lejournalduforkane.com\/index.php\/video-journee-mondiale-dal-qods-manifestation-monstre-dans-la-capitale-yemenite\/","title":{"rendered":"[VIDEO] Journ\u00e9e Mondiale d&rsquo;al-Qods: Manifestation monstre dans la capitale y\u00e9m\u00e9nite"},"content":{"rendered":"<p style=\"text-align: justify;\"><!--more-->Manifestation monstre dans la capitale y\u00e9m\u00e9nite Sana\u2019a contre les bombardements Arabo-sioniste et pour comm\u00e9morer la Journ\u00e9e Mondiale d&rsquo;al-Qods<\/p>\n<p style=\"text-align: justify;\">ON NE PEUT QU\u2019\u00caTRE ADMIRATIF DEVANT CE PEUPLE COURAGEUX QUI BRAVE LES BOMBARDEMENTS DES SIONISTES ARABES. C\u2019EST L\u00c0 QUE L\u2019ON COMPREND POURQUOI LE Y\u00c9MEN EST B\u00c9NI PAR LE GRAND PROPH\u00c8TE (P), ET POURQUOI IL A MAUDIT LES SAOUDS ET LES CHIENS DE L\u2019ENFER SALAFISTE.<\/p>\n<p><iframe loading=\"lazy\" src=\"https:\/\/www.youtube.com\/embed\/G2gGyg8wx54\" width=\"560\" height=\"315\" frameborder=\"0\" allowfullscreen=\"allowfullscreen\"><\/iframe><\/p>\n","protected":false},"excerpt":{"rendered":"Manifestation monstre dans la capitale y\u00e9m\u00e9nite Sana\u2019a contre les bombardements Arabo-sioniste et pour comm\u00e9morer la Journ\u00e9e Mondiale d'al-Qods ON NE PEUT QU\u2019\u00caTRE ADMIRATIF DEVANT CE PEUPLE COURAGEUX QUI BRAVE LES","protected":false},"author":2,"featured_media":0,"comment_status":"closed","ping_status":"open","sticky":false,"template":"","format":"standard","meta":[],"categories":[],"tags":[],"_links":{"self":[{"href":"https:\/\/www.lejournalduforkane.com\/index.php\/wp-json\/wp\/v2\/posts\/11856"}],"collection":[{"href":"https:\/\/www.lejournalduforkane.com\/index.php\/wp-json\/wp\/v2\/posts"}],"about":[{"href":"https:\/\/www.lejournalduforkane.com\/index.php\/wp-json\/wp\/v2\/types\/post"}],"author":[{"embeddable":true,"href":"https:\/\/www.lejournalduforkane.com\/index.php\/wp-json\/wp\/v2\/users\/2"}],"replies":[{"embeddable":true,"href":"https:\/\/www.lejournalduforkane.com\/index.php\/wp-json\/wp\/v2\/comments?post=11856"}],"version-history":[{"count":1,"href":"https:\/\/www.lejournalduforkane.com\/index.php\/wp-json\/wp\/v2\/posts\/11856\/revisions"}],"predecessor-version":[{"id":11858,"href":"https:\/\/www.lejournalduforkane.com\/index.php\/wp-json\/wp\/v2\/posts\/11856\/revisions\/11858"}],"wp:attachment":[{"href":"https:\/\/www.lejournalduforkane.com\/index.php\/wp-json\/wp\/v2\/media?parent=11856"}],"wp:term":[{"taxonomy":"category","embeddable":true,"href":"https:\/\/www.lejournalduforkane.com\/index.php\/wp-json\/wp\/v2\/categories?post=11856"},{"taxonomy":"post_tag","embeddable":true,"href":"https:\/\/www.lejournalduforkane.com\/index.php\/wp-json\/wp\/v2\/tags?post=11856"}],"curies":[{"name":"wp","href":"https:\/\/api.w.org\/{rel}","templated":true}]}}