
{"id":11867,"date":"2016-07-02T15:46:29","date_gmt":"2016-07-02T15:46:29","guid":{"rendered":"https:\/\/www.lejournalduforkane.com\/?p=11867"},"modified":"2016-07-02T15:46:29","modified_gmt":"2016-07-02T15:46:29","slug":"video-les-palestiniens-empeches-de-se-rendre-a-la-mosquee-al-aqsa","status":"publish","type":"post","link":"https:\/\/www.lejournalduforkane.com\/index.php\/video-les-palestiniens-empeches-de-se-rendre-a-la-mosquee-al-aqsa\/","title":{"rendered":"[Vid\u00e9o] Les Palestiniens emp\u00each\u00e9s de se rendre \u00e0 la mosqu\u00e9e Al Aqsa"},"content":{"rendered":"<p><!--more--><\/p>\n<p style=\"text-align: justify;\">Hier, les Palestiniens ont \u00e9t\u00e9 emp\u00each\u00e9s de se rendre \u00e0 la mosqu\u00e9e Al Aqsa pour prier le dernier vendredi du mois sacr\u00e9 du Ramadhan. Les forces d&rsquo;occupations sionistes les ont attaqu\u00e9s par des chevaux. Ils ont aussi tu\u00e9 une femme enceinte Sara Tarayra dans un point de contr\u00f4le. Un vieil homme palestinien a \u00e9t\u00e9 \u00e9touff\u00e9e par des gaz lacrymog\u00e8nes et il est mort aujourd&rsquo;hui !<br \/>\nDe nombreuses personnes ont \u00e9t\u00e9 bless\u00e9es et attaqu\u00e9s par les balles.<\/p>\n<p style=\"text-align: justify;\">Nous esp\u00e9rons que viendra bient\u00f4t le jour, comme demand\u00e9 par le guide de la R\u00e9volution iranienne, Khamenei \u00e0 ses lieutenants o\u00f9 les armes iraniennes seront entre les mains de ces R\u00e9sistants Palestiniens. L\u00e0, comme \u00e0 Gaza, le rapport de force s\u2019inversera\u2026.<\/p>\n<p><iframe loading=\"lazy\" src=\"https:\/\/www.youtube.com\/embed\/ATL-bld7m3c\" width=\"560\" height=\"315\" frameborder=\"0\" allowfullscreen=\"allowfullscreen\"><\/iframe><\/p>\n<p><img loading=\"lazy\" class=\"alignnone wp-image-11868 size-full\" src=\"https:\/\/www.lejournalduforkane.com\/wp-content\/uploads\/2016\/07\/Capture.png\" alt=\"Capture\" width=\"681\" height=\"386\" srcset=\"https:\/\/www.lejournalduforkane.com\/wp-content\/uploads\/2016\/07\/Capture.png 681w, https:\/\/www.lejournalduforkane.com\/wp-content\/uploads\/2016\/07\/Capture-300x170.png 300w\" sizes=\"(max-width: 681px) 100vw, 681px\" \/><\/p>\n","protected":false},"excerpt":{"rendered":"Hier, les Palestiniens ont \u00e9t\u00e9 emp\u00each\u00e9s de se rendre \u00e0 la mosqu\u00e9e Al Aqsa pour prier le dernier vendredi du mois sacr\u00e9 du Ramadhan. Les forces d'occupations sionistes les ont","protected":false},"author":2,"featured_media":0,"comment_status":"closed","ping_status":"open","sticky":false,"template":"","format":"standard","meta":[],"categories":[],"tags":[],"_links":{"self":[{"href":"https:\/\/www.lejournalduforkane.com\/index.php\/wp-json\/wp\/v2\/posts\/11867"}],"collection":[{"href":"https:\/\/www.lejournalduforkane.com\/index.php\/wp-json\/wp\/v2\/posts"}],"about":[{"href":"https:\/\/www.lejournalduforkane.com\/index.php\/wp-json\/wp\/v2\/types\/post"}],"author":[{"embeddable":true,"href":"https:\/\/www.lejournalduforkane.com\/index.php\/wp-json\/wp\/v2\/users\/2"}],"replies":[{"embeddable":true,"href":"https:\/\/www.lejournalduforkane.com\/index.php\/wp-json\/wp\/v2\/comments?post=11867"}],"version-history":[{"count":1,"href":"https:\/\/www.lejournalduforkane.com\/index.php\/wp-json\/wp\/v2\/posts\/11867\/revisions"}],"predecessor-version":[{"id":11869,"href":"https:\/\/www.lejournalduforkane.com\/index.php\/wp-json\/wp\/v2\/posts\/11867\/revisions\/11869"}],"wp:attachment":[{"href":"https:\/\/www.lejournalduforkane.com\/index.php\/wp-json\/wp\/v2\/media?parent=11867"}],"wp:term":[{"taxonomy":"category","embeddable":true,"href":"https:\/\/www.lejournalduforkane.com\/index.php\/wp-json\/wp\/v2\/categories?post=11867"},{"taxonomy":"post_tag","embeddable":true,"href":"https:\/\/www.lejournalduforkane.com\/index.php\/wp-json\/wp\/v2\/tags?post=11867"}],"curies":[{"name":"wp","href":"https:\/\/api.w.org\/{rel}","templated":true}]}}