
{"id":11922,"date":"2017-04-14T16:51:14","date_gmt":"2017-04-14T16:51:14","guid":{"rendered":"https:\/\/www.lejournalduforkane.com\/?p=11922"},"modified":"2017-04-14T18:15:20","modified_gmt":"2017-04-14T18:15:20","slug":"video-choquante-une-ong-israelienne-achete-des-fillettes-yezidis-a-daesh","status":"publish","type":"post","link":"https:\/\/www.lejournalduforkane.com\/index.php\/video-choquante-une-ong-israelienne-achete-des-fillettes-yezidis-a-daesh\/","title":{"rendered":"[Vid\u00e9o Choquante] Une ONG isra\u00e9lienne ach\u00e8te des fillettes Y\u00e9zidis \u00e0 Daesh"},"content":{"rendered":"<p><!--more--><\/p>\n<p style=\"text-align: justify;\">Ces ONG ach\u00e8tent ces fillettes pour les revendre aux familles isra\u00e9liennes \u00ab qui n\u2019ont pas d\u2019enfants \u00bb: que deviendront ces fillettes enlev\u00e9es par Daesh de leurs parents ?<br \/>\nOn imagine ce qu\u2019ils leur feront subir sans aucun doute possible ;<span class=\"text_exposed_show\"><br \/>\nQue font-ils subir aux petits Palestiniens arr\u00eat\u00e9s chaque jours en Cisjordanie ?<\/span><\/p>\n<div class=\"text_exposed_show\">\n<p style=\"text-align: justify;\"><strong>LA COLLUSION ENTRE SALAFISTES-WAHHABITES ET ISRA\u00cbL NE FAIT PLUS DE DOUTE. DERRI\u00c8RE CES BARBARES SALAFISTES IL Y A ISRA\u00cbL.<\/strong><\/p>\n<p style=\"text-align: justify;\">\n<\/div>\n<p><iframe loading=\"lazy\" src=\"https:\/\/www.youtube.com\/embed\/NvBGQMwa5CA\" width=\"560\" height=\"315\" frameborder=\"0\" allowfullscreen=\"allowfullscreen\"><\/iframe><\/p>\n","protected":false},"excerpt":{"rendered":"Ces ONG ach\u00e8tent ces fillettes pour les revendre aux familles isra\u00e9liennes \u00ab qui n\u2019ont pas d\u2019enfants \u00bb: que deviendront ces fillettes enlev\u00e9es par Daesh de leurs parents ? On imagine","protected":false},"author":2,"featured_media":0,"comment_status":"closed","ping_status":"open","sticky":false,"template":"","format":"standard","meta":[],"categories":[49],"tags":[],"_links":{"self":[{"href":"https:\/\/www.lejournalduforkane.com\/index.php\/wp-json\/wp\/v2\/posts\/11922"}],"collection":[{"href":"https:\/\/www.lejournalduforkane.com\/index.php\/wp-json\/wp\/v2\/posts"}],"about":[{"href":"https:\/\/www.lejournalduforkane.com\/index.php\/wp-json\/wp\/v2\/types\/post"}],"author":[{"embeddable":true,"href":"https:\/\/www.lejournalduforkane.com\/index.php\/wp-json\/wp\/v2\/users\/2"}],"replies":[{"embeddable":true,"href":"https:\/\/www.lejournalduforkane.com\/index.php\/wp-json\/wp\/v2\/comments?post=11922"}],"version-history":[{"count":3,"href":"https:\/\/www.lejournalduforkane.com\/index.php\/wp-json\/wp\/v2\/posts\/11922\/revisions"}],"predecessor-version":[{"id":14952,"href":"https:\/\/www.lejournalduforkane.com\/index.php\/wp-json\/wp\/v2\/posts\/11922\/revisions\/14952"}],"wp:attachment":[{"href":"https:\/\/www.lejournalduforkane.com\/index.php\/wp-json\/wp\/v2\/media?parent=11922"}],"wp:term":[{"taxonomy":"category","embeddable":true,"href":"https:\/\/www.lejournalduforkane.com\/index.php\/wp-json\/wp\/v2\/categories?post=11922"},{"taxonomy":"post_tag","embeddable":true,"href":"https:\/\/www.lejournalduforkane.com\/index.php\/wp-json\/wp\/v2\/tags?post=11922"}],"curies":[{"name":"wp","href":"https:\/\/api.w.org\/{rel}","templated":true}]}}