
{"id":11964,"date":"2017-11-11T15:10:52","date_gmt":"2017-11-11T15:10:52","guid":{"rendered":"https:\/\/www.lejournalduforkane.com\/?p=11964"},"modified":"2017-11-12T19:49:40","modified_gmt":"2017-11-12T19:49:40","slug":"video-sayed-hassan-nasrallah-les-salafistes-wahhabites-de-daesh-et-larabie-saoudite-veulent-detruire-le-tombeau-sacre-du-grand-prophete-p","status":"publish","type":"post","link":"https:\/\/www.lejournalduforkane.com\/index.php\/video-sayed-hassan-nasrallah-les-salafistes-wahhabites-de-daesh-et-larabie-saoudite-veulent-detruire-le-tombeau-sacre-du-grand-prophete-p\/","title":{"rendered":"[Vid\u00e9o] Sayed Hassan Nasrallah : les salafistes wahhabites de Daesh et l&rsquo;Arabie Saoudite veulent d\u00e9truire le tombeau sacr\u00e9 du grand Proph\u00e8te (P)"},"content":{"rendered":"<p><!--more--><\/p>\n<p><iframe loading=\"lazy\" src=\"https:\/\/www.youtube.com\/embed\/CdrsHUEtMJk\" width=\"560\" height=\"315\" frameborder=\"0\" allowfullscreen=\"allowfullscreen\"><\/iframe><\/p>\n<p>&nbsp;<\/p>\n","protected":false},"excerpt":{"rendered":"&nbsp;","protected":false},"author":2,"featured_media":0,"comment_status":"closed","ping_status":"open","sticky":false,"template":"","format":"standard","meta":[],"categories":[49],"tags":[],"_links":{"self":[{"href":"https:\/\/www.lejournalduforkane.com\/index.php\/wp-json\/wp\/v2\/posts\/11964"}],"collection":[{"href":"https:\/\/www.lejournalduforkane.com\/index.php\/wp-json\/wp\/v2\/posts"}],"about":[{"href":"https:\/\/www.lejournalduforkane.com\/index.php\/wp-json\/wp\/v2\/types\/post"}],"author":[{"embeddable":true,"href":"https:\/\/www.lejournalduforkane.com\/index.php\/wp-json\/wp\/v2\/users\/2"}],"replies":[{"embeddable":true,"href":"https:\/\/www.lejournalduforkane.com\/index.php\/wp-json\/wp\/v2\/comments?post=11964"}],"version-history":[{"count":2,"href":"https:\/\/www.lejournalduforkane.com\/index.php\/wp-json\/wp\/v2\/posts\/11964\/revisions"}],"predecessor-version":[{"id":14056,"href":"https:\/\/www.lejournalduforkane.com\/index.php\/wp-json\/wp\/v2\/posts\/11964\/revisions\/14056"}],"wp:attachment":[{"href":"https:\/\/www.lejournalduforkane.com\/index.php\/wp-json\/wp\/v2\/media?parent=11964"}],"wp:term":[{"taxonomy":"category","embeddable":true,"href":"https:\/\/www.lejournalduforkane.com\/index.php\/wp-json\/wp\/v2\/categories?post=11964"},{"taxonomy":"post_tag","embeddable":true,"href":"https:\/\/www.lejournalduforkane.com\/index.php\/wp-json\/wp\/v2\/tags?post=11964"}],"curies":[{"name":"wp","href":"https:\/\/api.w.org\/{rel}","templated":true}]}}