
{"id":11975,"date":"2016-07-06T19:11:55","date_gmt":"2016-07-06T19:11:55","guid":{"rendered":"https:\/\/www.lejournalduforkane.com\/?p=11975"},"modified":"2016-07-06T19:11:55","modified_gmt":"2016-07-06T19:11:55","slug":"le-president-syrien-bachar-al-assad-assiste-a-la-priere-de-laid-el-fitr-dans-la-mosquee-safa-a-homs","status":"publish","type":"post","link":"https:\/\/www.lejournalduforkane.com\/index.php\/le-president-syrien-bachar-al-assad-assiste-a-la-priere-de-laid-el-fitr-dans-la-mosquee-safa-a-homs\/","title":{"rendered":"Le Pr\u00e9sident syrien, Bachar Al Assad, assiste \u00e0 la Pri\u00e8re de l&rsquo;A\u00efd El Fitr dans la mosqu\u00e9e \u00ab\u00a0Safa\u00a0\u00bb \u00e0 Homs"},"content":{"rendered":"<p><!--more--><br \/>\n<iframe loading=\"lazy\" src=\"https:\/\/www.youtube.com\/embed\/4y_6NFfmASc\" width=\"560\" height=\"315\" frameborder=\"0\" allowfullscreen=\"allowfullscreen\"><\/iframe><\/p>\n<p>&nbsp;<\/p>\n","protected":false},"excerpt":{"rendered":"&nbsp;","protected":false},"author":2,"featured_media":0,"comment_status":"closed","ping_status":"open","sticky":false,"template":"","format":"standard","meta":[],"categories":[],"tags":[],"_links":{"self":[{"href":"https:\/\/www.lejournalduforkane.com\/index.php\/wp-json\/wp\/v2\/posts\/11975"}],"collection":[{"href":"https:\/\/www.lejournalduforkane.com\/index.php\/wp-json\/wp\/v2\/posts"}],"about":[{"href":"https:\/\/www.lejournalduforkane.com\/index.php\/wp-json\/wp\/v2\/types\/post"}],"author":[{"embeddable":true,"href":"https:\/\/www.lejournalduforkane.com\/index.php\/wp-json\/wp\/v2\/users\/2"}],"replies":[{"embeddable":true,"href":"https:\/\/www.lejournalduforkane.com\/index.php\/wp-json\/wp\/v2\/comments?post=11975"}],"version-history":[{"count":1,"href":"https:\/\/www.lejournalduforkane.com\/index.php\/wp-json\/wp\/v2\/posts\/11975\/revisions"}],"predecessor-version":[{"id":11977,"href":"https:\/\/www.lejournalduforkane.com\/index.php\/wp-json\/wp\/v2\/posts\/11975\/revisions\/11977"}],"wp:attachment":[{"href":"https:\/\/www.lejournalduforkane.com\/index.php\/wp-json\/wp\/v2\/media?parent=11975"}],"wp:term":[{"taxonomy":"category","embeddable":true,"href":"https:\/\/www.lejournalduforkane.com\/index.php\/wp-json\/wp\/v2\/categories?post=11975"},{"taxonomy":"post_tag","embeddable":true,"href":"https:\/\/www.lejournalduforkane.com\/index.php\/wp-json\/wp\/v2\/tags?post=11975"}],"curies":[{"name":"wp","href":"https:\/\/api.w.org\/{rel}","templated":true}]}}