
{"id":12076,"date":"2016-07-12T19:10:59","date_gmt":"2016-07-12T19:10:59","guid":{"rendered":"https:\/\/www.lejournalduforkane.com\/?p=12076"},"modified":"2016-07-12T19:10:59","modified_gmt":"2016-07-12T19:10:59","slug":"video-5-militaires-des-forces-royales-saoudiennes-tues-au-yemen","status":"publish","type":"post","link":"https:\/\/www.lejournalduforkane.com\/index.php\/video-5-militaires-des-forces-royales-saoudiennes-tues-au-yemen\/","title":{"rendered":"[Vid\u00e9o] | 5 militaires des forces royales saoudiennes tu\u00e9s au Y\u00e9men"},"content":{"rendered":"<p style=\"text-align: justify;\"><!--more-->Au moins cinq militaires des forces sp\u00e9ciales saoudiennes ont \u00e9t\u00e9 tu\u00e9s lors de violents affrontements avec les forces y\u00e9m\u00e9nites dans la r\u00e9gion de Naham\/Sarwah \u00e0 Ma\u2019reb (Est).<\/p>\n<p><iframe loading=\"lazy\" src=\"https:\/\/www.youtube.com\/embed\/N7q8EYiNtrM\" width=\"420\" height=\"315\" frameborder=\"0\" allowfullscreen=\"allowfullscreen\"><\/iframe><\/p>\n","protected":false},"excerpt":{"rendered":"Au moins cinq militaires des forces sp\u00e9ciales saoudiennes ont \u00e9t\u00e9 tu\u00e9s lors de violents affrontements avec les forces y\u00e9m\u00e9nites dans la r\u00e9gion de Naham\/Sarwah \u00e0 Ma\u2019reb (Est).","protected":false},"author":2,"featured_media":0,"comment_status":"closed","ping_status":"open","sticky":false,"template":"","format":"standard","meta":[],"categories":[],"tags":[],"_links":{"self":[{"href":"https:\/\/www.lejournalduforkane.com\/index.php\/wp-json\/wp\/v2\/posts\/12076"}],"collection":[{"href":"https:\/\/www.lejournalduforkane.com\/index.php\/wp-json\/wp\/v2\/posts"}],"about":[{"href":"https:\/\/www.lejournalduforkane.com\/index.php\/wp-json\/wp\/v2\/types\/post"}],"author":[{"embeddable":true,"href":"https:\/\/www.lejournalduforkane.com\/index.php\/wp-json\/wp\/v2\/users\/2"}],"replies":[{"embeddable":true,"href":"https:\/\/www.lejournalduforkane.com\/index.php\/wp-json\/wp\/v2\/comments?post=12076"}],"version-history":[{"count":1,"href":"https:\/\/www.lejournalduforkane.com\/index.php\/wp-json\/wp\/v2\/posts\/12076\/revisions"}],"predecessor-version":[{"id":12078,"href":"https:\/\/www.lejournalduforkane.com\/index.php\/wp-json\/wp\/v2\/posts\/12076\/revisions\/12078"}],"wp:attachment":[{"href":"https:\/\/www.lejournalduforkane.com\/index.php\/wp-json\/wp\/v2\/media?parent=12076"}],"wp:term":[{"taxonomy":"category","embeddable":true,"href":"https:\/\/www.lejournalduforkane.com\/index.php\/wp-json\/wp\/v2\/categories?post=12076"},{"taxonomy":"post_tag","embeddable":true,"href":"https:\/\/www.lejournalduforkane.com\/index.php\/wp-json\/wp\/v2\/tags?post=12076"}],"curies":[{"name":"wp","href":"https:\/\/api.w.org\/{rel}","templated":true}]}}