
{"id":12096,"date":"2016-07-14T18:49:34","date_gmt":"2016-07-14T18:49:34","guid":{"rendered":"https:\/\/www.lejournalduforkane.com\/?p=12096"},"modified":"2016-07-14T18:49:34","modified_gmt":"2016-07-14T18:49:34","slug":"video-un-salafiste-wahhabite-appelle-a-detruire-la-sainte-kaaba","status":"publish","type":"post","link":"https:\/\/www.lejournalduforkane.com\/index.php\/video-un-salafiste-wahhabite-appelle-a-detruire-la-sainte-kaaba\/","title":{"rendered":"[Vid\u00e9o] | Un salafiste wahhabite appelle \u00e0 d\u00e9truire la Sainte Kaaba"},"content":{"rendered":"<div class=\"_5x46\" style=\"text-align: justify;\">\n<p><!--more--><\/p>\n<p>Un soit disant religieux saoudien explique aux p\u00e8lerins Musulmans qui visitent le cimeti\u00e8re d&rsquo;Al Baqi&rsquo; \u00e0 M\u00e9dine, que la Kaaba a \u00e9t\u00e9 construite par les polyth\u00e9istes et qu&rsquo;elle doit \u00eatre d\u00e9molie !!!<\/p><\/div>\n<div id=\"js_u\" class=\"_5pbx userContent\" data-ft=\"{&quot;tn&quot;:&quot;K&quot;}\">\n<p style=\"text-align: justify;\">LA DESTRUCTION DES LIEUX SAINTS MUSULMANS EST UN PR\u00c9LUDE A L\u2019AVENEMENT D\u2019AL-MAHDI ET DE SON GRAND PROJET.<\/p>\n<\/div>\n<p><iframe loading=\"lazy\" width=\"420\" height=\"315\" src=\"https:\/\/www.youtube.com\/embed\/jWvnSW7pK24\" frameborder=\"0\" allowfullscreen><\/iframe><\/p>\n","protected":false},"excerpt":{"rendered":"Un soit disant religieux saoudien explique aux p\u00e8lerins Musulmans qui visitent le cimeti\u00e8re d'Al Baqi' \u00e0 M\u00e9dine, que la Kaaba a \u00e9t\u00e9 construite par les polyth\u00e9istes et qu'elle doit \u00eatre","protected":false},"author":2,"featured_media":0,"comment_status":"closed","ping_status":"open","sticky":false,"template":"","format":"standard","meta":[],"categories":[],"tags":[],"_links":{"self":[{"href":"https:\/\/www.lejournalduforkane.com\/index.php\/wp-json\/wp\/v2\/posts\/12096"}],"collection":[{"href":"https:\/\/www.lejournalduforkane.com\/index.php\/wp-json\/wp\/v2\/posts"}],"about":[{"href":"https:\/\/www.lejournalduforkane.com\/index.php\/wp-json\/wp\/v2\/types\/post"}],"author":[{"embeddable":true,"href":"https:\/\/www.lejournalduforkane.com\/index.php\/wp-json\/wp\/v2\/users\/2"}],"replies":[{"embeddable":true,"href":"https:\/\/www.lejournalduforkane.com\/index.php\/wp-json\/wp\/v2\/comments?post=12096"}],"version-history":[{"count":1,"href":"https:\/\/www.lejournalduforkane.com\/index.php\/wp-json\/wp\/v2\/posts\/12096\/revisions"}],"predecessor-version":[{"id":12098,"href":"https:\/\/www.lejournalduforkane.com\/index.php\/wp-json\/wp\/v2\/posts\/12096\/revisions\/12098"}],"wp:attachment":[{"href":"https:\/\/www.lejournalduforkane.com\/index.php\/wp-json\/wp\/v2\/media?parent=12096"}],"wp:term":[{"taxonomy":"category","embeddable":true,"href":"https:\/\/www.lejournalduforkane.com\/index.php\/wp-json\/wp\/v2\/categories?post=12096"},{"taxonomy":"post_tag","embeddable":true,"href":"https:\/\/www.lejournalduforkane.com\/index.php\/wp-json\/wp\/v2\/tags?post=12096"}],"curies":[{"name":"wp","href":"https:\/\/api.w.org\/{rel}","templated":true}]}}