
{"id":12099,"date":"2016-07-14T18:54:52","date_gmt":"2016-07-14T18:54:52","guid":{"rendered":"https:\/\/www.lejournalduforkane.com\/?p=12099"},"modified":"2016-07-14T18:54:52","modified_gmt":"2016-07-14T18:54:52","slug":"video-larmee-arabe-syrienne-detruit-les-terroristes-de-daesh-a-lest-de-homs","status":"publish","type":"post","link":"https:\/\/www.lejournalduforkane.com\/index.php\/video-larmee-arabe-syrienne-detruit-les-terroristes-de-daesh-a-lest-de-homs\/","title":{"rendered":"[Vid\u00e9o] | L&rsquo;Arm\u00e9e Arabe syrienne d\u00e9truit les terroristes de Daesh \u00e0 l&rsquo;Est de Homs"},"content":{"rendered":"<p><!--more--><\/p>\n<p>Lire Dossier Sp\u00e9cial : L\u2019ENNEMI TERRORISTE RECULE EN SYRIE :<\/p>\n<p><a href=\"https:\/\/www.lejournalduforkane.com\/index.php\/category\/lennemi-terroriste-recule-en-syrie\">www.lejournalduforkane.com\/index.php\/category\/lennemi-terroriste-recule-en-syrie<\/a><br \/>\n<iframe loading=\"lazy\" src=\"https:\/\/www.youtube.com\/embed\/sfJruYr7D4I\" width=\"560\" height=\"315\" frameborder=\"0\" allowfullscreen=\"allowfullscreen\"><\/iframe><\/p>\n","protected":false},"excerpt":{"rendered":"Lire Dossier Sp\u00e9cial : L\u2019ENNEMI TERRORISTE RECULE EN SYRIE : www.lejournalduforkane.com\/index.php\/category\/lennemi-terroriste-recule-en-syrie","protected":false},"author":2,"featured_media":0,"comment_status":"closed","ping_status":"open","sticky":false,"template":"","format":"standard","meta":[],"categories":[],"tags":[],"_links":{"self":[{"href":"https:\/\/www.lejournalduforkane.com\/index.php\/wp-json\/wp\/v2\/posts\/12099"}],"collection":[{"href":"https:\/\/www.lejournalduforkane.com\/index.php\/wp-json\/wp\/v2\/posts"}],"about":[{"href":"https:\/\/www.lejournalduforkane.com\/index.php\/wp-json\/wp\/v2\/types\/post"}],"author":[{"embeddable":true,"href":"https:\/\/www.lejournalduforkane.com\/index.php\/wp-json\/wp\/v2\/users\/2"}],"replies":[{"embeddable":true,"href":"https:\/\/www.lejournalduforkane.com\/index.php\/wp-json\/wp\/v2\/comments?post=12099"}],"version-history":[{"count":1,"href":"https:\/\/www.lejournalduforkane.com\/index.php\/wp-json\/wp\/v2\/posts\/12099\/revisions"}],"predecessor-version":[{"id":12101,"href":"https:\/\/www.lejournalduforkane.com\/index.php\/wp-json\/wp\/v2\/posts\/12099\/revisions\/12101"}],"wp:attachment":[{"href":"https:\/\/www.lejournalduforkane.com\/index.php\/wp-json\/wp\/v2\/media?parent=12099"}],"wp:term":[{"taxonomy":"category","embeddable":true,"href":"https:\/\/www.lejournalduforkane.com\/index.php\/wp-json\/wp\/v2\/categories?post=12099"},{"taxonomy":"post_tag","embeddable":true,"href":"https:\/\/www.lejournalduforkane.com\/index.php\/wp-json\/wp\/v2\/tags?post=12099"}],"curies":[{"name":"wp","href":"https:\/\/api.w.org\/{rel}","templated":true}]}}