
{"id":12124,"date":"2016-07-16T16:46:49","date_gmt":"2016-07-16T16:46:49","guid":{"rendered":"https:\/\/www.lejournalduforkane.com\/?p=12124"},"modified":"2016-07-16T16:46:49","modified_gmt":"2016-07-16T16:46:49","slug":"video-urgent-coup-detat-en-turquie-un-helicoptere-militaire-ouvre-le-feu-contre-un-batiment","status":"publish","type":"post","link":"https:\/\/www.lejournalduforkane.com\/index.php\/video-urgent-coup-detat-en-turquie-un-helicoptere-militaire-ouvre-le-feu-contre-un-batiment\/","title":{"rendered":"[Vid\u00e9o] URGENT &#8212; COUP D&rsquo;\u00c9TAT EN TURQUIE : UN H\u00c9LICOPT\u00c8RE MILITAIRE OUVRE LE FEU CONTRE UN B\u00c2TIMENT"},"content":{"rendered":"<p><!--more--><\/p>\n<p><iframe loading=\"lazy\" src=\"https:\/\/www.youtube.com\/embed\/IgSzsvQQj2E\" width=\"420\" height=\"315\" frameborder=\"0\" allowfullscreen=\"allowfullscreen\"><\/iframe><\/p>\n<p><img loading=\"lazy\" class=\"alignnone wp-image-12126 size-full\" src=\"https:\/\/www.lejournalduforkane.com\/wp-content\/uploads\/2016\/07\/Capture-1-1.png\" alt=\"Capture 1\" width=\"477\" height=\"424\" srcset=\"https:\/\/www.lejournalduforkane.com\/wp-content\/uploads\/2016\/07\/Capture-1-1.png 477w, https:\/\/www.lejournalduforkane.com\/wp-content\/uploads\/2016\/07\/Capture-1-1-300x267.png 300w\" sizes=\"(max-width: 477px) 100vw, 477px\" \/><\/p>\n","protected":false},"excerpt":{"rendered":"","protected":false},"author":2,"featured_media":0,"comment_status":"closed","ping_status":"open","sticky":false,"template":"","format":"standard","meta":[],"categories":[],"tags":[],"_links":{"self":[{"href":"https:\/\/www.lejournalduforkane.com\/index.php\/wp-json\/wp\/v2\/posts\/12124"}],"collection":[{"href":"https:\/\/www.lejournalduforkane.com\/index.php\/wp-json\/wp\/v2\/posts"}],"about":[{"href":"https:\/\/www.lejournalduforkane.com\/index.php\/wp-json\/wp\/v2\/types\/post"}],"author":[{"embeddable":true,"href":"https:\/\/www.lejournalduforkane.com\/index.php\/wp-json\/wp\/v2\/users\/2"}],"replies":[{"embeddable":true,"href":"https:\/\/www.lejournalduforkane.com\/index.php\/wp-json\/wp\/v2\/comments?post=12124"}],"version-history":[{"count":1,"href":"https:\/\/www.lejournalduforkane.com\/index.php\/wp-json\/wp\/v2\/posts\/12124\/revisions"}],"predecessor-version":[{"id":12127,"href":"https:\/\/www.lejournalduforkane.com\/index.php\/wp-json\/wp\/v2\/posts\/12124\/revisions\/12127"}],"wp:attachment":[{"href":"https:\/\/www.lejournalduforkane.com\/index.php\/wp-json\/wp\/v2\/media?parent=12124"}],"wp:term":[{"taxonomy":"category","embeddable":true,"href":"https:\/\/www.lejournalduforkane.com\/index.php\/wp-json\/wp\/v2\/categories?post=12124"},{"taxonomy":"post_tag","embeddable":true,"href":"https:\/\/www.lejournalduforkane.com\/index.php\/wp-json\/wp\/v2\/tags?post=12124"}],"curies":[{"name":"wp","href":"https:\/\/api.w.org\/{rel}","templated":true}]}}