
{"id":12196,"date":"2016-07-19T19:01:12","date_gmt":"2016-07-19T19:01:12","guid":{"rendered":"https:\/\/www.lejournalduforkane.com\/?p=12196"},"modified":"2016-07-19T19:01:12","modified_gmt":"2016-07-19T19:01:12","slug":"video-manuel-valls-copieusement-hue-a-son-arrivee-sur-la-promenade-des-anglais","status":"publish","type":"post","link":"https:\/\/www.lejournalduforkane.com\/index.php\/video-manuel-valls-copieusement-hue-a-son-arrivee-sur-la-promenade-des-anglais\/","title":{"rendered":"VID\u00c9O. Manuel Valls copieusement hu\u00e9 \u00e0 son arriv\u00e9e sur la Promenade des Anglais"},"content":{"rendered":"<p><!--more--><\/p>\n<p>Les Fran\u00e7ais en ont ras le bol et demandent sa d\u00e9mission<\/p>\n<p><iframe loading=\"lazy\" src=\"https:\/\/www.youtube.com\/embed\/KQbwKcO_esg\" width=\"560\" height=\"315\" frameborder=\"0\" allowfullscreen=\"allowfullscreen\"><\/iframe><\/p>\n","protected":false},"excerpt":{"rendered":"Les Fran\u00e7ais en ont ras le bol et demandent sa d\u00e9mission","protected":false},"author":2,"featured_media":0,"comment_status":"closed","ping_status":"open","sticky":false,"template":"","format":"standard","meta":[],"categories":[],"tags":[],"_links":{"self":[{"href":"https:\/\/www.lejournalduforkane.com\/index.php\/wp-json\/wp\/v2\/posts\/12196"}],"collection":[{"href":"https:\/\/www.lejournalduforkane.com\/index.php\/wp-json\/wp\/v2\/posts"}],"about":[{"href":"https:\/\/www.lejournalduforkane.com\/index.php\/wp-json\/wp\/v2\/types\/post"}],"author":[{"embeddable":true,"href":"https:\/\/www.lejournalduforkane.com\/index.php\/wp-json\/wp\/v2\/users\/2"}],"replies":[{"embeddable":true,"href":"https:\/\/www.lejournalduforkane.com\/index.php\/wp-json\/wp\/v2\/comments?post=12196"}],"version-history":[{"count":2,"href":"https:\/\/www.lejournalduforkane.com\/index.php\/wp-json\/wp\/v2\/posts\/12196\/revisions"}],"predecessor-version":[{"id":12198,"href":"https:\/\/www.lejournalduforkane.com\/index.php\/wp-json\/wp\/v2\/posts\/12196\/revisions\/12198"}],"wp:attachment":[{"href":"https:\/\/www.lejournalduforkane.com\/index.php\/wp-json\/wp\/v2\/media?parent=12196"}],"wp:term":[{"taxonomy":"category","embeddable":true,"href":"https:\/\/www.lejournalduforkane.com\/index.php\/wp-json\/wp\/v2\/categories?post=12196"},{"taxonomy":"post_tag","embeddable":true,"href":"https:\/\/www.lejournalduforkane.com\/index.php\/wp-json\/wp\/v2\/tags?post=12196"}],"curies":[{"name":"wp","href":"https:\/\/api.w.org\/{rel}","templated":true}]}}