
{"id":12260,"date":"2016-07-24T19:03:32","date_gmt":"2016-07-24T19:03:32","guid":{"rendered":"https:\/\/www.lejournalduforkane.com\/?p=12260"},"modified":"2016-07-24T19:03:32","modified_gmt":"2016-07-24T19:03:32","slug":"video-vladimir-poutine-donne-une-lecon-de-vigilance-aux-journalistes-russes","status":"publish","type":"post","link":"https:\/\/www.lejournalduforkane.com\/index.php\/video-vladimir-poutine-donne-une-lecon-de-vigilance-aux-journalistes-russes\/","title":{"rendered":"[Vid\u00e9o] | Vladimir Poutine donne une le\u00e7on de vigilance aux journalistes russes"},"content":{"rendered":"<p style=\"text-align: justify;\"><!--more-->\u00ab\u00a0La menace iranienne\u00a0\u00bb n&rsquo;existe pas, et pourtant le syst\u00e8me de d\u00e9fense antimissile de l&rsquo;Otan est toujours positionn\u00e9 en Europe\u00a0\u00bb.<br \/>\nVladimir Poutine nous montre les r\u00e9elles intentions de l&rsquo;Otan et donne une le\u00e7on de vigilance aux journalistes russes.<\/p>\n<p><iframe loading=\"lazy\" src=\"https:\/\/www.youtube.com\/embed\/2ENKdFcyxLw\" width=\"560\" height=\"315\" frameborder=\"0\" allowfullscreen=\"allowfullscreen\"><\/iframe><\/p>\n","protected":false},"excerpt":{"rendered":"\"La menace iranienne\" n'existe pas, et pourtant le syst\u00e8me de d\u00e9fense antimissile de l'Otan est toujours positionn\u00e9 en Europe\". Vladimir Poutine nous montre les r\u00e9elles intentions de l'Otan et donne","protected":false},"author":2,"featured_media":0,"comment_status":"closed","ping_status":"open","sticky":false,"template":"","format":"standard","meta":[],"categories":[],"tags":[],"_links":{"self":[{"href":"https:\/\/www.lejournalduforkane.com\/index.php\/wp-json\/wp\/v2\/posts\/12260"}],"collection":[{"href":"https:\/\/www.lejournalduforkane.com\/index.php\/wp-json\/wp\/v2\/posts"}],"about":[{"href":"https:\/\/www.lejournalduforkane.com\/index.php\/wp-json\/wp\/v2\/types\/post"}],"author":[{"embeddable":true,"href":"https:\/\/www.lejournalduforkane.com\/index.php\/wp-json\/wp\/v2\/users\/2"}],"replies":[{"embeddable":true,"href":"https:\/\/www.lejournalduforkane.com\/index.php\/wp-json\/wp\/v2\/comments?post=12260"}],"version-history":[{"count":1,"href":"https:\/\/www.lejournalduforkane.com\/index.php\/wp-json\/wp\/v2\/posts\/12260\/revisions"}],"predecessor-version":[{"id":12262,"href":"https:\/\/www.lejournalduforkane.com\/index.php\/wp-json\/wp\/v2\/posts\/12260\/revisions\/12262"}],"wp:attachment":[{"href":"https:\/\/www.lejournalduforkane.com\/index.php\/wp-json\/wp\/v2\/media?parent=12260"}],"wp:term":[{"taxonomy":"category","embeddable":true,"href":"https:\/\/www.lejournalduforkane.com\/index.php\/wp-json\/wp\/v2\/categories?post=12260"},{"taxonomy":"post_tag","embeddable":true,"href":"https:\/\/www.lejournalduforkane.com\/index.php\/wp-json\/wp\/v2\/tags?post=12260"}],"curies":[{"name":"wp","href":"https:\/\/api.w.org\/{rel}","templated":true}]}}