
{"id":12266,"date":"2016-07-24T19:13:59","date_gmt":"2016-07-24T19:13:59","guid":{"rendered":"https:\/\/www.lejournalduforkane.com\/?p=12266"},"modified":"2016-07-24T19:13:59","modified_gmt":"2016-07-24T19:13:59","slug":"video-le-sheikh-irakien-khaled-el-mollah-a-adresse-un-message-aux-religieux-dal-azhar","status":"publish","type":"post","link":"https:\/\/www.lejournalduforkane.com\/index.php\/video-le-sheikh-irakien-khaled-el-mollah-a-adresse-un-message-aux-religieux-dal-azhar\/","title":{"rendered":"[Vid\u00e9o] | Le Sheikh irakien Khaled el-Mollah a adress\u00e9 un message aux religieux d&rsquo;Al-Azhar"},"content":{"rendered":"<p><!--more--><\/p>\n<p style=\"text-align: justify;\">[Vid\u00e9o] | Le Sheikh irakien Khaled el-Mollah a adress\u00e9 un message aux religieux d&rsquo;Al-Azhar : \u00a0\u00bb Vous avez condamn\u00e9 l&rsquo;attentat de M\u00e9dine, qui a fait 4 victimes saoudiennes et vous n&rsquo;avez pas condamn\u00e9 l&rsquo;attentat de Karrada \u00e0 Bagdad qui a fait quelques 300 victimes irakiennes !!!<\/p>\n<p style=\"text-align: justify;\">Malheureusement les Musulmans restent apathique et se disent : \u00ab de toute fa\u00e7on ce sont des Chiites que Daesh tue\u00bb. C\u2019est une erreur car ces groupes salafistes djihadistes sont un danger pour nous tous.<\/p>\n<p><iframe loading=\"lazy\" src=\"https:\/\/www.youtube.com\/embed\/xh0dvVyKcHk\" width=\"560\" height=\"315\" frameborder=\"0\" allowfullscreen=\"allowfullscreen\"><\/iframe><\/p>\n","protected":false},"excerpt":{"rendered":"[Vid\u00e9o] | Le Sheikh irakien Khaled el-Mollah a adress\u00e9 un message aux religieux d'Al-Azhar : \" Vous avez condamn\u00e9 l'attentat de M\u00e9dine, qui a fait 4 victimes saoudiennes et vous","protected":false},"author":2,"featured_media":0,"comment_status":"closed","ping_status":"open","sticky":false,"template":"","format":"standard","meta":[],"categories":[],"tags":[],"_links":{"self":[{"href":"https:\/\/www.lejournalduforkane.com\/index.php\/wp-json\/wp\/v2\/posts\/12266"}],"collection":[{"href":"https:\/\/www.lejournalduforkane.com\/index.php\/wp-json\/wp\/v2\/posts"}],"about":[{"href":"https:\/\/www.lejournalduforkane.com\/index.php\/wp-json\/wp\/v2\/types\/post"}],"author":[{"embeddable":true,"href":"https:\/\/www.lejournalduforkane.com\/index.php\/wp-json\/wp\/v2\/users\/2"}],"replies":[{"embeddable":true,"href":"https:\/\/www.lejournalduforkane.com\/index.php\/wp-json\/wp\/v2\/comments?post=12266"}],"version-history":[{"count":1,"href":"https:\/\/www.lejournalduforkane.com\/index.php\/wp-json\/wp\/v2\/posts\/12266\/revisions"}],"predecessor-version":[{"id":12268,"href":"https:\/\/www.lejournalduforkane.com\/index.php\/wp-json\/wp\/v2\/posts\/12266\/revisions\/12268"}],"wp:attachment":[{"href":"https:\/\/www.lejournalduforkane.com\/index.php\/wp-json\/wp\/v2\/media?parent=12266"}],"wp:term":[{"taxonomy":"category","embeddable":true,"href":"https:\/\/www.lejournalduforkane.com\/index.php\/wp-json\/wp\/v2\/categories?post=12266"},{"taxonomy":"post_tag","embeddable":true,"href":"https:\/\/www.lejournalduforkane.com\/index.php\/wp-json\/wp\/v2\/tags?post=12266"}],"curies":[{"name":"wp","href":"https:\/\/api.w.org\/{rel}","templated":true}]}}