
{"id":12370,"date":"2017-08-09T06:54:01","date_gmt":"2017-08-09T06:54:01","guid":{"rendered":"https:\/\/www.lejournalduforkane.com\/?p=12370"},"modified":"2017-08-09T18:59:10","modified_gmt":"2017-08-09T18:59:10","slug":"video-un-reporter-dal-jazeera-pleure-devant-les-telespectateurs-apres-la-defaite-des-terroristes-du-front-al-nosra-a-alep","status":"publish","type":"post","link":"https:\/\/www.lejournalduforkane.com\/index.php\/video-un-reporter-dal-jazeera-pleure-devant-les-telespectateurs-apres-la-defaite-des-terroristes-du-front-al-nosra-a-alep\/","title":{"rendered":"[Vid\u00e9o] | Un reporter d&rsquo;Al Jazeera pleure devant les t\u00e9l\u00e9spectateurs apr\u00e8s la d\u00e9faite des terroristes du Front Al-nosra \u00e0 Alep"},"content":{"rendered":"<p style=\"text-align: justify;\"><!--more-->Al Jazeera pr\u00e9f\u00e8re consacrer son temps \u00e0 appuyer l\u2019opposition en Syrie et \u00e0 inciter la population contre le r\u00e9gime l\u00e0 bas, en d\u00e9pit des r\u00e9formes effectu\u00e9es par le pr\u00e9sident syrien. Les pr\u00e9sentateurs des nouvelles passent leur temps \u00e0 pousser les opposants \u00e0 descendre dans la rue et \u00e0 ne pas c\u00e9der au r\u00e9gime de Bachar al Assad\u2026<\/p>\n<p style=\"text-align: justify;\">A lire notre article : Al Jazeera, la cha\u00eene du grand Satan : <a href=\"http:\/\/bit.ly\/1TfQ91r\" target=\"_blank\" rel=\"nofollow\">bit.ly\/1TfQ91r<\/a><\/p>\n<p><iframe loading=\"lazy\" src=\"https:\/\/www.youtube.com\/embed\/XiG-Q5IqGdQ\" width=\"560\" height=\"315\" frameborder=\"0\" allowfullscreen=\"allowfullscreen\"><\/iframe><\/p>\n","protected":false},"excerpt":{"rendered":"Al Jazeera pr\u00e9f\u00e8re consacrer son temps \u00e0 appuyer l\u2019opposition en Syrie et \u00e0 inciter la population contre le r\u00e9gime l\u00e0 bas, en d\u00e9pit des r\u00e9formes effectu\u00e9es par le pr\u00e9sident syrien.","protected":false},"author":2,"featured_media":0,"comment_status":"closed","ping_status":"open","sticky":false,"template":"","format":"standard","meta":[],"categories":[49],"tags":[],"_links":{"self":[{"href":"https:\/\/www.lejournalduforkane.com\/index.php\/wp-json\/wp\/v2\/posts\/12370"}],"collection":[{"href":"https:\/\/www.lejournalduforkane.com\/index.php\/wp-json\/wp\/v2\/posts"}],"about":[{"href":"https:\/\/www.lejournalduforkane.com\/index.php\/wp-json\/wp\/v2\/types\/post"}],"author":[{"embeddable":true,"href":"https:\/\/www.lejournalduforkane.com\/index.php\/wp-json\/wp\/v2\/users\/2"}],"replies":[{"embeddable":true,"href":"https:\/\/www.lejournalduforkane.com\/index.php\/wp-json\/wp\/v2\/comments?post=12370"}],"version-history":[{"count":1,"href":"https:\/\/www.lejournalduforkane.com\/index.php\/wp-json\/wp\/v2\/posts\/12370\/revisions"}],"predecessor-version":[{"id":12372,"href":"https:\/\/www.lejournalduforkane.com\/index.php\/wp-json\/wp\/v2\/posts\/12370\/revisions\/12372"}],"wp:attachment":[{"href":"https:\/\/www.lejournalduforkane.com\/index.php\/wp-json\/wp\/v2\/media?parent=12370"}],"wp:term":[{"taxonomy":"category","embeddable":true,"href":"https:\/\/www.lejournalduforkane.com\/index.php\/wp-json\/wp\/v2\/categories?post=12370"},{"taxonomy":"post_tag","embeddable":true,"href":"https:\/\/www.lejournalduforkane.com\/index.php\/wp-json\/wp\/v2\/tags?post=12370"}],"curies":[{"name":"wp","href":"https:\/\/api.w.org\/{rel}","templated":true}]}}