
{"id":12383,"date":"2016-07-31T13:41:39","date_gmt":"2016-07-31T13:41:39","guid":{"rendered":"https:\/\/www.lejournalduforkane.com\/?p=12383"},"modified":"2016-07-31T14:48:33","modified_gmt":"2016-07-31T14:48:33","slug":"video-hassan-nasrallah-legorgement-du-pretre-et-lattentat-de-nice-sont-lies-a-la-culture-wahhabite-saoudienne","status":"publish","type":"post","link":"https:\/\/www.lejournalduforkane.com\/index.php\/video-hassan-nasrallah-legorgement-du-pretre-et-lattentat-de-nice-sont-lies-a-la-culture-wahhabite-saoudienne\/","title":{"rendered":"[Vid\u00e9o] | Hassan Nasrallah : \u00ab\u00a0l&rsquo;\u00e9gorgement du pr\u00eatre et l&rsquo;attentat de Nice sont li\u00e9s \u00e0 la culture wahhabite saoudienne\u00a0\u00bb"},"content":{"rendered":"<p><!--more--><br \/>\n<iframe loading=\"lazy\" src=\"https:\/\/www.youtube.com\/embed\/l1t0KdfMWNE\" width=\"560\" height=\"315\" frameborder=\"0\" allowfullscreen=\"allowfullscreen\"><\/iframe><\/p>\n<p><img loading=\"lazy\" class=\"alignnone wp-image-12390 size-full\" src=\"https:\/\/www.lejournalduforkane.com\/wp-content\/uploads\/2016\/07\/cela-vient-de-la-culture-wahhabite-salafiste-darabie-saoudite-2.jpg\" alt=\"cela vient de la culture wahhabite salafiste d'arabie saoudite 2\" width=\"477\" height=\"454\" srcset=\"https:\/\/www.lejournalduforkane.com\/wp-content\/uploads\/2016\/07\/cela-vient-de-la-culture-wahhabite-salafiste-darabie-saoudite-2.jpg 477w, https:\/\/www.lejournalduforkane.com\/wp-content\/uploads\/2016\/07\/cela-vient-de-la-culture-wahhabite-salafiste-darabie-saoudite-2-300x286.jpg 300w\" sizes=\"(max-width: 477px) 100vw, 477px\" \/><\/p>\n","protected":false},"excerpt":{"rendered":"","protected":false},"author":2,"featured_media":12384,"comment_status":"closed","ping_status":"open","sticky":false,"template":"","format":"standard","meta":[],"categories":[],"tags":[],"_links":{"self":[{"href":"https:\/\/www.lejournalduforkane.com\/index.php\/wp-json\/wp\/v2\/posts\/12383"}],"collection":[{"href":"https:\/\/www.lejournalduforkane.com\/index.php\/wp-json\/wp\/v2\/posts"}],"about":[{"href":"https:\/\/www.lejournalduforkane.com\/index.php\/wp-json\/wp\/v2\/types\/post"}],"author":[{"embeddable":true,"href":"https:\/\/www.lejournalduforkane.com\/index.php\/wp-json\/wp\/v2\/users\/2"}],"replies":[{"embeddable":true,"href":"https:\/\/www.lejournalduforkane.com\/index.php\/wp-json\/wp\/v2\/comments?post=12383"}],"version-history":[{"count":2,"href":"https:\/\/www.lejournalduforkane.com\/index.php\/wp-json\/wp\/v2\/posts\/12383\/revisions"}],"predecessor-version":[{"id":12391,"href":"https:\/\/www.lejournalduforkane.com\/index.php\/wp-json\/wp\/v2\/posts\/12383\/revisions\/12391"}],"wp:featuredmedia":[{"embeddable":true,"href":"https:\/\/www.lejournalduforkane.com\/index.php\/wp-json\/wp\/v2\/media\/12384"}],"wp:attachment":[{"href":"https:\/\/www.lejournalduforkane.com\/index.php\/wp-json\/wp\/v2\/media?parent=12383"}],"wp:term":[{"taxonomy":"category","embeddable":true,"href":"https:\/\/www.lejournalduforkane.com\/index.php\/wp-json\/wp\/v2\/categories?post=12383"},{"taxonomy":"post_tag","embeddable":true,"href":"https:\/\/www.lejournalduforkane.com\/index.php\/wp-json\/wp\/v2\/tags?post=12383"}],"curies":[{"name":"wp","href":"https:\/\/api.w.org\/{rel}","templated":true}]}}