
{"id":12412,"date":"2016-08-02T14:59:44","date_gmt":"2016-08-02T14:59:44","guid":{"rendered":"https:\/\/www.lejournalduforkane.com\/?p=12412"},"modified":"2016-08-02T14:59:44","modified_gmt":"2016-08-02T14:59:44","slug":"video-reactions-des-russes-apres-la-chute-dun-helicoptere-mi-8-en-syrie","status":"publish","type":"post","link":"https:\/\/www.lejournalduforkane.com\/index.php\/video-reactions-des-russes-apres-la-chute-dun-helicoptere-mi-8-en-syrie\/","title":{"rendered":"[Vid\u00e9o] R\u00e9actions des Russes apr\u00e8s la chute d&rsquo;un h\u00e9licopt\u00e8re Mi-8 en Syrie"},"content":{"rendered":"<p><!--more--><\/p>\n<p style=\"text-align: justify;\">Rappelons les faits : Un h\u00e9licopt\u00e8re russe Mi-8 a \u00e9t\u00e9 abattu dans la province d&rsquo;Idlib en Syrie. Les cinq soldats russes \u00e0 bord de l&rsquo;h\u00e9licopt\u00e8re sont morts. Le groupe terroriste salafiste Jaish al Fatah a revendiqu\u00e9 cette attaque.<\/p>\n<p><iframe loading=\"lazy\" src=\"https:\/\/www.youtube.com\/embed\/k2L3yJp2mpc\" width=\"560\" height=\"315\" frameborder=\"0\" allowfullscreen=\"allowfullscreen\"><\/iframe><\/p>\n<p><img loading=\"lazy\" class=\"alignnone wp-image-12414 size-full\" src=\"https:\/\/www.lejournalduforkane.com\/wp-content\/uploads\/2016\/08\/Capture.png\" alt=\"Capture\" width=\"628\" height=\"332\" srcset=\"https:\/\/www.lejournalduforkane.com\/wp-content\/uploads\/2016\/08\/Capture.png 628w, https:\/\/www.lejournalduforkane.com\/wp-content\/uploads\/2016\/08\/Capture-300x159.png 300w\" sizes=\"(max-width: 628px) 100vw, 628px\" \/><\/p>\n","protected":false},"excerpt":{"rendered":"Rappelons les faits : Un h\u00e9licopt\u00e8re russe Mi-8 a \u00e9t\u00e9 abattu dans la province d'Idlib en Syrie. Les cinq soldats russes \u00e0 bord de l'h\u00e9licopt\u00e8re sont morts. Le groupe terroriste","protected":false},"author":2,"featured_media":0,"comment_status":"closed","ping_status":"open","sticky":false,"template":"","format":"standard","meta":[],"categories":[],"tags":[],"_links":{"self":[{"href":"https:\/\/www.lejournalduforkane.com\/index.php\/wp-json\/wp\/v2\/posts\/12412"}],"collection":[{"href":"https:\/\/www.lejournalduforkane.com\/index.php\/wp-json\/wp\/v2\/posts"}],"about":[{"href":"https:\/\/www.lejournalduforkane.com\/index.php\/wp-json\/wp\/v2\/types\/post"}],"author":[{"embeddable":true,"href":"https:\/\/www.lejournalduforkane.com\/index.php\/wp-json\/wp\/v2\/users\/2"}],"replies":[{"embeddable":true,"href":"https:\/\/www.lejournalduforkane.com\/index.php\/wp-json\/wp\/v2\/comments?post=12412"}],"version-history":[{"count":1,"href":"https:\/\/www.lejournalduforkane.com\/index.php\/wp-json\/wp\/v2\/posts\/12412\/revisions"}],"predecessor-version":[{"id":12415,"href":"https:\/\/www.lejournalduforkane.com\/index.php\/wp-json\/wp\/v2\/posts\/12412\/revisions\/12415"}],"wp:attachment":[{"href":"https:\/\/www.lejournalduforkane.com\/index.php\/wp-json\/wp\/v2\/media?parent=12412"}],"wp:term":[{"taxonomy":"category","embeddable":true,"href":"https:\/\/www.lejournalduforkane.com\/index.php\/wp-json\/wp\/v2\/categories?post=12412"},{"taxonomy":"post_tag","embeddable":true,"href":"https:\/\/www.lejournalduforkane.com\/index.php\/wp-json\/wp\/v2\/tags?post=12412"}],"curies":[{"name":"wp","href":"https:\/\/api.w.org\/{rel}","templated":true}]}}