
{"id":12428,"date":"2016-08-04T18:40:50","date_gmt":"2016-08-04T18:40:50","guid":{"rendered":"https:\/\/www.lejournalduforkane.com\/?p=12428"},"modified":"2016-08-04T18:40:50","modified_gmt":"2016-08-04T18:40:50","slug":"video-larmee-arabe-syrienne-saisie-des-armes-dans-la-banlieue-dalep-des-terroristes-dal-nosra-et-daesh","status":"publish","type":"post","link":"https:\/\/www.lejournalduforkane.com\/index.php\/video-larmee-arabe-syrienne-saisie-des-armes-dans-la-banlieue-dalep-des-terroristes-dal-nosra-et-daesh\/","title":{"rendered":"[Vid\u00e9o] | L&rsquo;Arm\u00e9e Arabe Syrienne saisie des armes dans la banlieue d&rsquo;Alep des terroristes d&rsquo;Al-Nosra et Daesh."},"content":{"rendered":"<p><!--more--><\/p>\n<p>[Vid\u00e9o] | L&rsquo;Arm\u00e9e Arabe Syrienne saisie des armes et des munitions dans la banlieue d&rsquo;Alep lib\u00e9r\u00e9e des terroristes d&rsquo;Al-Nosra et Daesh.<\/p>\n<p>On voit dans la vid\u00e9o que cet armement provient des \u00c9tats-Unis et de l&rsquo;Union Europ\u00e9enne !!!<br \/>\n<iframe loading=\"lazy\" src=\"https:\/\/www.youtube.com\/embed\/vf1RpN3YDx8\" width=\"560\" height=\"315\" frameborder=\"0\" allowfullscreen=\"allowfullscreen\"><\/iframe><\/p>\n","protected":false},"excerpt":{"rendered":"[Vid\u00e9o] | L'Arm\u00e9e Arabe Syrienne saisie des armes et des munitions dans la banlieue d'Alep lib\u00e9r\u00e9e des terroristes d'Al-Nosra et Daesh. On voit dans la vid\u00e9o que cet armement provient","protected":false},"author":2,"featured_media":0,"comment_status":"closed","ping_status":"open","sticky":false,"template":"","format":"standard","meta":[],"categories":[],"tags":[],"_links":{"self":[{"href":"https:\/\/www.lejournalduforkane.com\/index.php\/wp-json\/wp\/v2\/posts\/12428"}],"collection":[{"href":"https:\/\/www.lejournalduforkane.com\/index.php\/wp-json\/wp\/v2\/posts"}],"about":[{"href":"https:\/\/www.lejournalduforkane.com\/index.php\/wp-json\/wp\/v2\/types\/post"}],"author":[{"embeddable":true,"href":"https:\/\/www.lejournalduforkane.com\/index.php\/wp-json\/wp\/v2\/users\/2"}],"replies":[{"embeddable":true,"href":"https:\/\/www.lejournalduforkane.com\/index.php\/wp-json\/wp\/v2\/comments?post=12428"}],"version-history":[{"count":1,"href":"https:\/\/www.lejournalduforkane.com\/index.php\/wp-json\/wp\/v2\/posts\/12428\/revisions"}],"predecessor-version":[{"id":12430,"href":"https:\/\/www.lejournalduforkane.com\/index.php\/wp-json\/wp\/v2\/posts\/12428\/revisions\/12430"}],"wp:attachment":[{"href":"https:\/\/www.lejournalduforkane.com\/index.php\/wp-json\/wp\/v2\/media?parent=12428"}],"wp:term":[{"taxonomy":"category","embeddable":true,"href":"https:\/\/www.lejournalduforkane.com\/index.php\/wp-json\/wp\/v2\/categories?post=12428"},{"taxonomy":"post_tag","embeddable":true,"href":"https:\/\/www.lejournalduforkane.com\/index.php\/wp-json\/wp\/v2\/tags?post=12428"}],"curies":[{"name":"wp","href":"https:\/\/api.w.org\/{rel}","templated":true}]}}