
{"id":12484,"date":"2016-08-10T18:45:37","date_gmt":"2016-08-10T18:45:37","guid":{"rendered":"https:\/\/www.lejournalduforkane.com\/?p=12484"},"modified":"2016-08-10T18:45:37","modified_gmt":"2016-08-10T18:45:37","slug":"larabie-saoudite-bombarde-une-usine-agroalimentaire-a-sanaa","status":"publish","type":"post","link":"https:\/\/www.lejournalduforkane.com\/index.php\/larabie-saoudite-bombarde-une-usine-agroalimentaire-a-sanaa\/","title":{"rendered":"L&rsquo;Arabie saoudite bombarde une usine agroalimentaire \u00e0 Sanaa!"},"content":{"rendered":"<p><!--more--><\/p>\n<p style=\"text-align: justify;\">Le nombre de martyrs a augment\u00e9 apr\u00e8s le nouveau massacre commis par l&rsquo;Arabie saoudite contre une usine agroalimentaire \u00e0 Sanaa. Bilan : 20 martyrs et des dizaines de bless\u00e9s. Des dizaines de civils, y compris les enfants&#8230;<\/p>\n<p style=\"text-align: justify;\">CETTE COALITION ARABE MOTIV\u00c9E ET PR\u00caTE A EN D\u00c9COUDRE, ASSASSINE ET BOMBARDE UN PEUPLE SANS D\u00c9FENSE ET POURTANT B\u00c9NI PAR LE PROPH\u00c8TE (P), ALORS QU\u2019IL (P) A MAUDIT LES SAOUDIENS ET LEUR ID\u00c9OLOGIE SALAFISTE WAHHABITES VENUS DU NAJD.<\/p>\n<p><iframe loading=\"lazy\" src=\"https:\/\/www.youtube.com\/embed\/UOJ3ZHhTnmk\" width=\"420\" height=\"315\" frameborder=\"0\" allowfullscreen=\"allowfullscreen\"><\/iframe><\/p>\n","protected":false},"excerpt":{"rendered":"Le nombre de martyrs a augment\u00e9 apr\u00e8s le nouveau massacre commis par l'Arabie saoudite contre une usine agroalimentaire \u00e0 Sanaa. Bilan : 20 martyrs et des dizaines de bless\u00e9s. Des","protected":false},"author":2,"featured_media":0,"comment_status":"closed","ping_status":"open","sticky":false,"template":"","format":"standard","meta":[],"categories":[],"tags":[],"_links":{"self":[{"href":"https:\/\/www.lejournalduforkane.com\/index.php\/wp-json\/wp\/v2\/posts\/12484"}],"collection":[{"href":"https:\/\/www.lejournalduforkane.com\/index.php\/wp-json\/wp\/v2\/posts"}],"about":[{"href":"https:\/\/www.lejournalduforkane.com\/index.php\/wp-json\/wp\/v2\/types\/post"}],"author":[{"embeddable":true,"href":"https:\/\/www.lejournalduforkane.com\/index.php\/wp-json\/wp\/v2\/users\/2"}],"replies":[{"embeddable":true,"href":"https:\/\/www.lejournalduforkane.com\/index.php\/wp-json\/wp\/v2\/comments?post=12484"}],"version-history":[{"count":1,"href":"https:\/\/www.lejournalduforkane.com\/index.php\/wp-json\/wp\/v2\/posts\/12484\/revisions"}],"predecessor-version":[{"id":12486,"href":"https:\/\/www.lejournalduforkane.com\/index.php\/wp-json\/wp\/v2\/posts\/12484\/revisions\/12486"}],"wp:attachment":[{"href":"https:\/\/www.lejournalduforkane.com\/index.php\/wp-json\/wp\/v2\/media?parent=12484"}],"wp:term":[{"taxonomy":"category","embeddable":true,"href":"https:\/\/www.lejournalduforkane.com\/index.php\/wp-json\/wp\/v2\/categories?post=12484"},{"taxonomy":"post_tag","embeddable":true,"href":"https:\/\/www.lejournalduforkane.com\/index.php\/wp-json\/wp\/v2\/tags?post=12484"}],"curies":[{"name":"wp","href":"https:\/\/api.w.org\/{rel}","templated":true}]}}