
{"id":12498,"date":"2016-08-10T19:00:18","date_gmt":"2016-08-10T19:00:18","guid":{"rendered":"https:\/\/www.lejournalduforkane.com\/?p=12498"},"modified":"2016-08-10T19:02:45","modified_gmt":"2016-08-10T19:02:45","slug":"les-raids-les-plus-violents-de-larmee-arabe-syrienne-sur-les-positions-des-terroristes-salafistes-a-alep","status":"publish","type":"post","link":"https:\/\/www.lejournalduforkane.com\/index.php\/les-raids-les-plus-violents-de-larmee-arabe-syrienne-sur-les-positions-des-terroristes-salafistes-a-alep\/","title":{"rendered":"[vid\u00e9o] | Les raids les plus violents de l&rsquo;Arm\u00e9e Arabe Syrienne sur les positions des terroristes salafistes \u00e0 Alep"},"content":{"rendered":"<p><!--more--><\/p>\n<p>IL FAUT NETTOYER LA SYRIE DE CES TERRORISTES SALAFISTES QUI ENSANGLANTENT LE MONDE<br \/>\n<iframe loading=\"lazy\" src=\"https:\/\/www.youtube.com\/embed\/WIs4jQAHoS8\" width=\"420\" height=\"315\" frameborder=\"0\" allowfullscreen=\"allowfullscreen\"><\/iframe><\/p>\n","protected":false},"excerpt":{"rendered":"IL FAUT NETTOYER LA SYRIE DE CES TERRORISTES SALAFISTES QUI ENSANGLANTENT LE MONDE","protected":false},"author":2,"featured_media":0,"comment_status":"closed","ping_status":"open","sticky":false,"template":"","format":"standard","meta":[],"categories":[],"tags":[],"_links":{"self":[{"href":"https:\/\/www.lejournalduforkane.com\/index.php\/wp-json\/wp\/v2\/posts\/12498"}],"collection":[{"href":"https:\/\/www.lejournalduforkane.com\/index.php\/wp-json\/wp\/v2\/posts"}],"about":[{"href":"https:\/\/www.lejournalduforkane.com\/index.php\/wp-json\/wp\/v2\/types\/post"}],"author":[{"embeddable":true,"href":"https:\/\/www.lejournalduforkane.com\/index.php\/wp-json\/wp\/v2\/users\/2"}],"replies":[{"embeddable":true,"href":"https:\/\/www.lejournalduforkane.com\/index.php\/wp-json\/wp\/v2\/comments?post=12498"}],"version-history":[{"count":2,"href":"https:\/\/www.lejournalduforkane.com\/index.php\/wp-json\/wp\/v2\/posts\/12498\/revisions"}],"predecessor-version":[{"id":12501,"href":"https:\/\/www.lejournalduforkane.com\/index.php\/wp-json\/wp\/v2\/posts\/12498\/revisions\/12501"}],"wp:attachment":[{"href":"https:\/\/www.lejournalduforkane.com\/index.php\/wp-json\/wp\/v2\/media?parent=12498"}],"wp:term":[{"taxonomy":"category","embeddable":true,"href":"https:\/\/www.lejournalduforkane.com\/index.php\/wp-json\/wp\/v2\/categories?post=12498"},{"taxonomy":"post_tag","embeddable":true,"href":"https:\/\/www.lejournalduforkane.com\/index.php\/wp-json\/wp\/v2\/tags?post=12498"}],"curies":[{"name":"wp","href":"https:\/\/api.w.org\/{rel}","templated":true}]}}