
{"id":12523,"date":"2016-08-14T13:30:02","date_gmt":"2016-08-14T13:30:02","guid":{"rendered":"https:\/\/www.lejournalduforkane.com\/?p=12523"},"modified":"2016-08-14T13:30:02","modified_gmt":"2016-08-14T13:30:02","slug":"nouveau-massacre-au-yemen","status":"publish","type":"post","link":"https:\/\/www.lejournalduforkane.com\/index.php\/nouveau-massacre-au-yemen\/","title":{"rendered":"NOUVEAU MASSACRE AU YEMEN"},"content":{"rendered":"<p><!--more--><\/p>\n<p>NOUVEAU MASSACRE : Les frappes a\u00e9riennes de l&rsquo;Arabie Saoudite sur un march\u00e9 au Y\u00e9men ont tu\u00e9s plus de 190 civils dont 25 enfants !!!<\/p>\n<p>L&rsquo;Arabie est maudite<br \/>\n<iframe loading=\"lazy\" src=\"https:\/\/www.youtube.com\/embed\/OGctfY8ZbWE\" width=\"560\" height=\"315\" frameborder=\"0\" allowfullscreen=\"allowfullscreen\"><\/iframe><\/p>\n","protected":false},"excerpt":{"rendered":"NOUVEAU MASSACRE : Les frappes a\u00e9riennes de l'Arabie Saoudite sur un march\u00e9 au Y\u00e9men ont tu\u00e9s plus de 190 civils dont 25 enfants !!! L'Arabie est maudite","protected":false},"author":2,"featured_media":0,"comment_status":"closed","ping_status":"open","sticky":false,"template":"","format":"standard","meta":[],"categories":[],"tags":[],"_links":{"self":[{"href":"https:\/\/www.lejournalduforkane.com\/index.php\/wp-json\/wp\/v2\/posts\/12523"}],"collection":[{"href":"https:\/\/www.lejournalduforkane.com\/index.php\/wp-json\/wp\/v2\/posts"}],"about":[{"href":"https:\/\/www.lejournalduforkane.com\/index.php\/wp-json\/wp\/v2\/types\/post"}],"author":[{"embeddable":true,"href":"https:\/\/www.lejournalduforkane.com\/index.php\/wp-json\/wp\/v2\/users\/2"}],"replies":[{"embeddable":true,"href":"https:\/\/www.lejournalduforkane.com\/index.php\/wp-json\/wp\/v2\/comments?post=12523"}],"version-history":[{"count":1,"href":"https:\/\/www.lejournalduforkane.com\/index.php\/wp-json\/wp\/v2\/posts\/12523\/revisions"}],"predecessor-version":[{"id":12525,"href":"https:\/\/www.lejournalduforkane.com\/index.php\/wp-json\/wp\/v2\/posts\/12523\/revisions\/12525"}],"wp:attachment":[{"href":"https:\/\/www.lejournalduforkane.com\/index.php\/wp-json\/wp\/v2\/media?parent=12523"}],"wp:term":[{"taxonomy":"category","embeddable":true,"href":"https:\/\/www.lejournalduforkane.com\/index.php\/wp-json\/wp\/v2\/categories?post=12523"},{"taxonomy":"post_tag","embeddable":true,"href":"https:\/\/www.lejournalduforkane.com\/index.php\/wp-json\/wp\/v2\/tags?post=12523"}],"curies":[{"name":"wp","href":"https:\/\/api.w.org\/{rel}","templated":true}]}}