
{"id":12548,"date":"2016-08-14T14:15:34","date_gmt":"2016-08-14T14:15:34","guid":{"rendered":"https:\/\/www.lejournalduforkane.com\/?p=12548"},"modified":"2016-08-14T14:20:35","modified_gmt":"2016-08-14T14:20:35","slug":"video-seyyed-hassan-nasrallah-sadresse-aux-terroristes-salafistes-qui-sevissent-en-syrie-irak-yemen-libye","status":"publish","type":"post","link":"https:\/\/www.lejournalduforkane.com\/index.php\/video-seyyed-hassan-nasrallah-sadresse-aux-terroristes-salafistes-qui-sevissent-en-syrie-irak-yemen-libye\/","title":{"rendered":"[Vid\u00e9o] | Seyyed Hassan Nasrallah s&rsquo;adresse aux terroristes salafistes qui s\u00e9vissent en Syrie, Irak, Y\u00e9men, Libye"},"content":{"rendered":"<p><!--more--><br \/>\n<iframe loading=\"lazy\" src=\"https:\/\/www.youtube.com\/embed\/XMSC23yoOOA\" width=\"560\" height=\"315\" frameborder=\"0\" allowfullscreen=\"allowfullscreen\"><\/iframe><\/p>\n","protected":false},"excerpt":{"rendered":"","protected":false},"author":2,"featured_media":0,"comment_status":"closed","ping_status":"open","sticky":false,"template":"","format":"standard","meta":[],"categories":[],"tags":[],"_links":{"self":[{"href":"https:\/\/www.lejournalduforkane.com\/index.php\/wp-json\/wp\/v2\/posts\/12548"}],"collection":[{"href":"https:\/\/www.lejournalduforkane.com\/index.php\/wp-json\/wp\/v2\/posts"}],"about":[{"href":"https:\/\/www.lejournalduforkane.com\/index.php\/wp-json\/wp\/v2\/types\/post"}],"author":[{"embeddable":true,"href":"https:\/\/www.lejournalduforkane.com\/index.php\/wp-json\/wp\/v2\/users\/2"}],"replies":[{"embeddable":true,"href":"https:\/\/www.lejournalduforkane.com\/index.php\/wp-json\/wp\/v2\/comments?post=12548"}],"version-history":[{"count":1,"href":"https:\/\/www.lejournalduforkane.com\/index.php\/wp-json\/wp\/v2\/posts\/12548\/revisions"}],"predecessor-version":[{"id":12550,"href":"https:\/\/www.lejournalduforkane.com\/index.php\/wp-json\/wp\/v2\/posts\/12548\/revisions\/12550"}],"wp:attachment":[{"href":"https:\/\/www.lejournalduforkane.com\/index.php\/wp-json\/wp\/v2\/media?parent=12548"}],"wp:term":[{"taxonomy":"category","embeddable":true,"href":"https:\/\/www.lejournalduforkane.com\/index.php\/wp-json\/wp\/v2\/categories?post=12548"},{"taxonomy":"post_tag","embeddable":true,"href":"https:\/\/www.lejournalduforkane.com\/index.php\/wp-json\/wp\/v2\/tags?post=12548"}],"curies":[{"name":"wp","href":"https:\/\/api.w.org\/{rel}","templated":true}]}}