
{"id":1258,"date":"2012-10-02T18:32:35","date_gmt":"2012-10-02T18:32:35","guid":{"rendered":"https:\/\/www.lejournalduforkane.com\/?p=1258"},"modified":"2017-02-22T20:02:13","modified_gmt":"2017-02-22T20:02:13","slug":"le-grand-projet-du-sauveur-la-mort-des-juifs-et-des-arabes-22","status":"publish","type":"post","link":"https:\/\/www.lejournalduforkane.com\/index.php\/le-grand-projet-du-sauveur-la-mort-des-juifs-et-des-arabes-22\/","title":{"rendered":"10. La d\u00e9ch\u00e9ance des juifs et des arabes (2\/2)"},"content":{"rendered":"<p style=\"text-align: justify;\">Le peuple b\u00e9douin d\u2019Arabie dont la m\u00e9cr\u00e9ance est bien enracin\u00e9e (Les b\u00e9douins) [a`rab] sont plus durs en m\u00e9cr\u00e9ance et en hypocrisie (9 :97))<!--more-->, s\u2019arr\u00eata au sens litt\u00e9ral, \u00e0 une interpr\u00e9tation st\u00e9rile. Alors qu\u2019au moins les savants isra\u00e9lites avaient gard\u00e9, cach\u00e9 pour eux-m\u00eames la science v\u00e9ritable contenue dans leurs Livres. C\u2019est pourquoi Allah parle de \u00ab savants \u00bb. Ne leur suffit-il pas comme signe que les savants des descendants d\u2019Isra\u00ebl le savent ? (au sujet du Coran) (26 :197). Les b\u00e9douins, eux, n\u2019en ont m\u00eame pas profit\u00e9 eux-m\u00eames. Ils n\u2019ont m\u00eame pas compris qu\u2019Allah n\u2019intervient pas seulement pour une morale qui existait d\u00e9j\u00e0 en bonne partie chez les peuples d\u2019avant les Livres. Le Livre est \u00e0 la mesure de l\u2019Auteur. C\u2019est relire le Coran qu\u2019il faut o\u00f9 la science est cach\u00e9e pour n\u2019\u00eatre pas cette fois encore falsifi\u00e9e. Mais ils ont tu\u00e9 la Famille du Proph\u00e8te (P) dont la fonction est justement de l\u2019expliquer. Seul le Mahdi aujourd\u2019hui est notre sauveur.<\/p>\n<p style=\"text-align: justify;\">D\u2019Arabie sont sort<a href=\"http:\/\/158.255.2.50\/wp-content\/uploads\/2012\/10\/122-arabe_hypocrisie.jpg\"><img loading=\"lazy\" class=\"alignleft size-thumbnail wp-image-1259\" title=\"122 arabe_hypocrisie\" src=\"http:\/\/158.255.2.50\/wp-content\/uploads\/2012\/10\/122-arabe_hypocrisie-150x150.jpg\" alt=\"\" width=\"150\" height=\"150\" \/><\/a>ies les t\u00e9n\u00e8bres d\u2019une interpr\u00e9tation tribale et barbare qui contamine toute la religion. Comme l\u2019avait pr\u00e9dit le Proph\u00e8te (P) : en se tournant vers le Nedj, la r\u00e9gion orientale de l\u2019Arabie dont la capitale est Riyad, il dit : \u00ab C\u2019est \u00e0 l\u2019est du pays que sortira la corne du diable \u00bb et aussi : \u00ab La t\u00eate de la m\u00e9cr\u00e9ance vient de l\u00e0 o\u00f9 sortira la corne du diable \u00bb (Sahih Boukhari et Muslim). Le Proph\u00e8te (P) parlait ainsi de la dynastie et la secte saoudienne des wahhabites-salafistes qui contaminent l\u2019Islam par de multiples masques et ensanglantent les pays musulmans. C\u2019est la mosqu\u00e9e de Satan. Ceux qui ont pris une mosqu\u00e9e comme lieu de rivalit\u00e9, de m\u00e9cr\u00e9ance et de division entre les croyants, comme un guet-apens en faveur de ceux qui combattaient auparavant Allah et son Messager. Ils jureront s\u00fbrement qu\u2019ils ne voulaient que le bien. Mais Allah est t\u00e9moin que ce sont bien des menteurs (9 :107). C\u2019est d\u00e9j\u00e0 ce que Saint Jean reprochait aux juifs et qui ne l\u2019\u00e9taient plus que de nom, en reniant la foi. \u00ab Et j\u2019ai vu ceux qui se pr\u00e9tendent juifs et qui ne le sont pas. Ils ne sont qu\u2019une synagogue de Satan \u00bb (Apocalypse de St Jean 2 :9 ;3 :9).<\/p>\n<p style=\"text-align: justify;\">L\u2019avarice prit ces b\u00e9douins comme avant eux les juifs. S\u2019ils avaient une part de la royaut\u00e9, ils ne donneraient aux gens m\u00eame pas le creux d\u2019un noyau de datte (4 :53), peuples faibles. Vous voil\u00e0 appel\u00e9s \u00e0 d\u00e9penser dans le chemin d\u2019Allah. Il y en a qui sont avares. Or qui est avare, l\u2019est \u00e0 son d\u00e9triment. Si vous tournez le dos, Il vous remplacera par un peuple autre que vous, et ils ne seront pas comme vous (47 :38). Apr\u00e8s les avoir avertis par Ses signes, Allah d\u00e9cr\u00e8te sans retour qu\u2019un nouveau peuple vient. Les nomades des d\u00e9serts de Jud\u00e9e et d\u2019Arabie se ber\u00e7aient de l\u2019illusion qu\u2019eux seuls \u00e9taient dignes d\u2019\u00e9lection, en oubliant ce qu\u2019ils ont fait aux vrais croyants. Ils passent alliance les uns avec les autres pour le mal contre les croyants et rompent celles pass\u00e9es avec Allah. Celui d\u2019entre vous qui prend les juifs et les chr\u00e9tiens pour alli\u00e9s, devient un des leurs. Allah ne guide pas le peuple injuste (5 :51 et aussi 52-53).<\/p>\n<p style=\"text-align: justify;\"><a href=\"http:\/\/www.lemessie.net\" target=\"_blank\">www.lemessie.net<\/a><\/p>\n","protected":false},"excerpt":{"rendered":"<p>Le peuple b\u00e9douin d\u2019Arabie dont la m\u00e9cr\u00e9ance est bien enracin\u00e9e (Les b\u00e9douins) [a`rab] sont plus durs en m\u00e9cr\u00e9ance et en hypocrisie (9 :97))<\/p>\n","protected":false},"author":2,"featured_media":0,"comment_status":"open","ping_status":"closed","sticky":false,"template":"","format":"standard","meta":[],"categories":[],"tags":[],"_links":{"self":[{"href":"https:\/\/www.lejournalduforkane.com\/index.php\/wp-json\/wp\/v2\/posts\/1258"}],"collection":[{"href":"https:\/\/www.lejournalduforkane.com\/index.php\/wp-json\/wp\/v2\/posts"}],"about":[{"href":"https:\/\/www.lejournalduforkane.com\/index.php\/wp-json\/wp\/v2\/types\/post"}],"author":[{"embeddable":true,"href":"https:\/\/www.lejournalduforkane.com\/index.php\/wp-json\/wp\/v2\/users\/2"}],"replies":[{"embeddable":true,"href":"https:\/\/www.lejournalduforkane.com\/index.php\/wp-json\/wp\/v2\/comments?post=1258"}],"version-history":[{"count":1,"href":"https:\/\/www.lejournalduforkane.com\/index.php\/wp-json\/wp\/v2\/posts\/1258\/revisions"}],"predecessor-version":[{"id":12639,"href":"https:\/\/www.lejournalduforkane.com\/index.php\/wp-json\/wp\/v2\/posts\/1258\/revisions\/12639"}],"wp:attachment":[{"href":"https:\/\/www.lejournalduforkane.com\/index.php\/wp-json\/wp\/v2\/media?parent=1258"}],"wp:term":[{"taxonomy":"category","embeddable":true,"href":"https:\/\/www.lejournalduforkane.com\/index.php\/wp-json\/wp\/v2\/categories?post=1258"},{"taxonomy":"post_tag","embeddable":true,"href":"https:\/\/www.lejournalduforkane.com\/index.php\/wp-json\/wp\/v2\/tags?post=1258"}],"curies":[{"name":"wp","href":"https:\/\/api.w.org\/{rel}","templated":true}]}}