
{"id":12680,"date":"2016-08-18T18:36:44","date_gmt":"2016-08-18T18:36:44","guid":{"rendered":"https:\/\/www.lejournalduforkane.com\/?p=12680"},"modified":"2016-08-18T18:36:44","modified_gmt":"2016-08-18T18:36:44","slug":"video-regardez-lampleur-des-degats-dans-les-rangs-des-blindes-saoudiens-a-jizan","status":"publish","type":"post","link":"https:\/\/www.lejournalduforkane.com\/index.php\/video-regardez-lampleur-des-degats-dans-les-rangs-des-blindes-saoudiens-a-jizan\/","title":{"rendered":"[Vid\u00e9o] | Regardez l&rsquo;ampleur des d\u00e9g\u00e2ts dans les rangs des blind\u00e9s saoudiens \u00e0 Jizan"},"content":{"rendered":"<p><!--more--><\/p>\n<p>[Vid\u00e9o] | Regardez l&rsquo;ampleur des d\u00e9g\u00e2ts dans les rangs des blind\u00e9s saoudiens \u00e0 Jizan (ville d&rsquo;Arabie saoudite, situ\u00e9e \u00e0 l&rsquo;extr\u00eame sud-ouest du pays sur les bords de la mer Rouge) sous le feu des tirs nourris des R\u00e9sistants y\u00e9m\u00e9nites<\/p>\n<p>VIVE LA R\u00c9SISTANCE YEMENITE<br \/>\n<iframe loading=\"lazy\" src=\"https:\/\/www.youtube.com\/embed\/GaF74cZxvxk\" width=\"420\" height=\"315\" frameborder=\"0\" allowfullscreen=\"allowfullscreen\"><\/iframe><\/p>\n","protected":false},"excerpt":{"rendered":"[Vid\u00e9o] | Regardez l'ampleur des d\u00e9g\u00e2ts dans les rangs des blind\u00e9s saoudiens \u00e0 Jizan (ville d'Arabie saoudite, situ\u00e9e \u00e0 l'extr\u00eame sud-ouest du pays sur les bords de la mer Rouge)","protected":false},"author":2,"featured_media":0,"comment_status":"closed","ping_status":"open","sticky":false,"template":"","format":"standard","meta":[],"categories":[],"tags":[],"_links":{"self":[{"href":"https:\/\/www.lejournalduforkane.com\/index.php\/wp-json\/wp\/v2\/posts\/12680"}],"collection":[{"href":"https:\/\/www.lejournalduforkane.com\/index.php\/wp-json\/wp\/v2\/posts"}],"about":[{"href":"https:\/\/www.lejournalduforkane.com\/index.php\/wp-json\/wp\/v2\/types\/post"}],"author":[{"embeddable":true,"href":"https:\/\/www.lejournalduforkane.com\/index.php\/wp-json\/wp\/v2\/users\/2"}],"replies":[{"embeddable":true,"href":"https:\/\/www.lejournalduforkane.com\/index.php\/wp-json\/wp\/v2\/comments?post=12680"}],"version-history":[{"count":1,"href":"https:\/\/www.lejournalduforkane.com\/index.php\/wp-json\/wp\/v2\/posts\/12680\/revisions"}],"predecessor-version":[{"id":12682,"href":"https:\/\/www.lejournalduforkane.com\/index.php\/wp-json\/wp\/v2\/posts\/12680\/revisions\/12682"}],"wp:attachment":[{"href":"https:\/\/www.lejournalduforkane.com\/index.php\/wp-json\/wp\/v2\/media?parent=12680"}],"wp:term":[{"taxonomy":"category","embeddable":true,"href":"https:\/\/www.lejournalduforkane.com\/index.php\/wp-json\/wp\/v2\/categories?post=12680"},{"taxonomy":"post_tag","embeddable":true,"href":"https:\/\/www.lejournalduforkane.com\/index.php\/wp-json\/wp\/v2\/tags?post=12680"}],"curies":[{"name":"wp","href":"https:\/\/api.w.org\/{rel}","templated":true}]}}