
{"id":12744,"date":"2016-08-22T18:57:11","date_gmt":"2016-08-22T18:57:11","guid":{"rendered":"https:\/\/www.lejournalduforkane.com\/?p=12744"},"modified":"2016-08-22T18:57:11","modified_gmt":"2016-08-22T18:57:11","slug":"video-lentite-sioniste-bombarde-gaza","status":"publish","type":"post","link":"https:\/\/www.lejournalduforkane.com\/index.php\/video-lentite-sioniste-bombarde-gaza\/","title":{"rendered":"[VIDEO] L&rsquo;entit\u00e9 sioniste bombarde Gaza"},"content":{"rendered":"<p><!--more--><\/p>\n<p>Hier (21\/08\/16), l&rsquo;entit\u00e9 sioniste a effectu\u00e9 des frappes a\u00e9riennes et des tirs de chars sur la bande de Gaza, soit plus de 50 raids. Le dernier bilan actuel est de 5 bless\u00e9s.<\/p>\n<p>Rappelons que la bande de Gaza est sous blocus isra\u00e9lien depuis plus de 10 ans.<br \/>\n<iframe loading=\"lazy\" src=\"https:\/\/www.youtube.com\/embed\/9DNoZcgVgIk\" width=\"560\" height=\"315\" frameborder=\"0\" allowfullscreen=\"allowfullscreen\"><\/iframe><\/p>\n","protected":false},"excerpt":{"rendered":"Hier (21\/08\/16), l'entit\u00e9 sioniste a effectu\u00e9 des frappes a\u00e9riennes et des tirs de chars sur la bande de Gaza, soit plus de 50 raids. Le dernier bilan actuel est de","protected":false},"author":2,"featured_media":0,"comment_status":"closed","ping_status":"open","sticky":false,"template":"","format":"standard","meta":[],"categories":[],"tags":[],"_links":{"self":[{"href":"https:\/\/www.lejournalduforkane.com\/index.php\/wp-json\/wp\/v2\/posts\/12744"}],"collection":[{"href":"https:\/\/www.lejournalduforkane.com\/index.php\/wp-json\/wp\/v2\/posts"}],"about":[{"href":"https:\/\/www.lejournalduforkane.com\/index.php\/wp-json\/wp\/v2\/types\/post"}],"author":[{"embeddable":true,"href":"https:\/\/www.lejournalduforkane.com\/index.php\/wp-json\/wp\/v2\/users\/2"}],"replies":[{"embeddable":true,"href":"https:\/\/www.lejournalduforkane.com\/index.php\/wp-json\/wp\/v2\/comments?post=12744"}],"version-history":[{"count":1,"href":"https:\/\/www.lejournalduforkane.com\/index.php\/wp-json\/wp\/v2\/posts\/12744\/revisions"}],"predecessor-version":[{"id":12746,"href":"https:\/\/www.lejournalduforkane.com\/index.php\/wp-json\/wp\/v2\/posts\/12744\/revisions\/12746"}],"wp:attachment":[{"href":"https:\/\/www.lejournalduforkane.com\/index.php\/wp-json\/wp\/v2\/media?parent=12744"}],"wp:term":[{"taxonomy":"category","embeddable":true,"href":"https:\/\/www.lejournalduforkane.com\/index.php\/wp-json\/wp\/v2\/categories?post=12744"},{"taxonomy":"post_tag","embeddable":true,"href":"https:\/\/www.lejournalduforkane.com\/index.php\/wp-json\/wp\/v2\/tags?post=12744"}],"curies":[{"name":"wp","href":"https:\/\/api.w.org\/{rel}","templated":true}]}}