
{"id":12782,"date":"2016-08-28T13:29:13","date_gmt":"2016-08-28T13:29:13","guid":{"rendered":"https:\/\/www.lejournalduforkane.com\/?p=12782"},"modified":"2016-08-28T13:30:31","modified_gmt":"2016-08-28T13:30:31","slug":"bombardements-de-laviation-turque-en-syrie-20-civils-tues-et-plus-de-50-blesses","status":"publish","type":"post","link":"https:\/\/www.lejournalduforkane.com\/index.php\/bombardements-de-laviation-turque-en-syrie-20-civils-tues-et-plus-de-50-blesses\/","title":{"rendered":"Bombardements de l&rsquo;aviation turque en Syrie: 20 civils tu\u00e9s et plus de 50 bless\u00e9s"},"content":{"rendered":"<p><!--more--><\/p>\n<p style=\"text-align: justify;\">Selon l&rsquo;Observatoire syrien des droits de l&rsquo;Homme (OSDH),\u00a0 plus\u00a0 de 20 civils ont \u00e9t\u00e9 tu\u00e9 lors des tirs d&rsquo;artillerie et des frappes turcs \u00e0<span lang=\"fr\"> Jubb al- Kusa , un village au sud de la ville de Jarablus dans la province d&rsquo;Alep en Syrie .<\/span><\/p>\n<p style=\"text-align: justify;\">\u00ab\u00a0Au moins 20 civils ont \u00e9t\u00e9 tu\u00e9s et 50 autres bless\u00e9s par des tirs d&rsquo;artillerie et des frappes a\u00e9riennes turcs dimanche matin sur Jeb el-Koussa, un village au sud de la localit\u00e9 syrienne de Jarbalos\u00a0\u00bb, a indiqu\u00e9 le directeur de cette ONG, Rami Abdel Rahmane.<\/p>\n<p><iframe loading=\"lazy\" src=\"https:\/\/www.youtube.com\/embed\/DT4OpJ13XYs\" width=\"420\" height=\"315\" frameborder=\"0\" allowfullscreen=\"allowfullscreen\"><\/iframe><\/p>\n","protected":false},"excerpt":{"rendered":"Selon l'Observatoire syrien des droits de l'Homme (OSDH),\u00a0 plus\u00a0 de 20 civils ont \u00e9t\u00e9 tu\u00e9 lors des tirs d'artillerie et des frappes turcs \u00e0 Jubb al- Kusa , un village","protected":false},"author":2,"featured_media":0,"comment_status":"closed","ping_status":"open","sticky":false,"template":"","format":"standard","meta":[],"categories":[],"tags":[],"_links":{"self":[{"href":"https:\/\/www.lejournalduforkane.com\/index.php\/wp-json\/wp\/v2\/posts\/12782"}],"collection":[{"href":"https:\/\/www.lejournalduforkane.com\/index.php\/wp-json\/wp\/v2\/posts"}],"about":[{"href":"https:\/\/www.lejournalduforkane.com\/index.php\/wp-json\/wp\/v2\/types\/post"}],"author":[{"embeddable":true,"href":"https:\/\/www.lejournalduforkane.com\/index.php\/wp-json\/wp\/v2\/users\/2"}],"replies":[{"embeddable":true,"href":"https:\/\/www.lejournalduforkane.com\/index.php\/wp-json\/wp\/v2\/comments?post=12782"}],"version-history":[{"count":3,"href":"https:\/\/www.lejournalduforkane.com\/index.php\/wp-json\/wp\/v2\/posts\/12782\/revisions"}],"predecessor-version":[{"id":12786,"href":"https:\/\/www.lejournalduforkane.com\/index.php\/wp-json\/wp\/v2\/posts\/12782\/revisions\/12786"}],"wp:attachment":[{"href":"https:\/\/www.lejournalduforkane.com\/index.php\/wp-json\/wp\/v2\/media?parent=12782"}],"wp:term":[{"taxonomy":"category","embeddable":true,"href":"https:\/\/www.lejournalduforkane.com\/index.php\/wp-json\/wp\/v2\/categories?post=12782"},{"taxonomy":"post_tag","embeddable":true,"href":"https:\/\/www.lejournalduforkane.com\/index.php\/wp-json\/wp\/v2\/tags?post=12782"}],"curies":[{"name":"wp","href":"https:\/\/api.w.org\/{rel}","templated":true}]}}