
{"id":12898,"date":"2016-08-29T18:53:31","date_gmt":"2016-08-29T18:53:31","guid":{"rendered":"https:\/\/www.lejournalduforkane.com\/?p=12898"},"modified":"2016-08-29T18:58:00","modified_gmt":"2016-08-29T18:58:00","slug":"yemen-attentat-a-la-voiture-piegee-a-aden-plus-de-60-morts","status":"publish","type":"post","link":"https:\/\/www.lejournalduforkane.com\/index.php\/yemen-attentat-a-la-voiture-piegee-a-aden-plus-de-60-morts\/","title":{"rendered":"[VIDEO] Y\u00e9men: Attentat \u00e0 la voiture pi\u00e9g\u00e9e \u00e0 Aden, plus de 60 morts!"},"content":{"rendered":"<p><!--more--><\/p>\n<p style=\"text-align: justify;\">Aujourd&rsquo;hui, les groupes terroriste Salafistes de l&rsquo;EI ont encore s\u00e9vit au sud du Y\u00e9men, \u00e0 Aden. Les terroristes ont fait exploser une voiture pi\u00e9g\u00e9, pr\u00e8s d&rsquo;un camps militaire y\u00e9m\u00e9nite.\u00a0 L&rsquo;attentat a fait plus de 60 morts et plus de 80 bless\u00e9s.<\/p>\n<p><iframe loading=\"lazy\" src=\"https:\/\/www.youtube.com\/embed\/CZXX6n8bsYc\" width=\"420\" height=\"315\" frameborder=\"0\" allowfullscreen=\"allowfullscreen\"><\/iframe><\/p>\n","protected":false},"excerpt":{"rendered":"Aujourd'hui, les groupes terroriste Salafistes de l'EI ont encore s\u00e9vit au sud du Y\u00e9men, \u00e0 Aden. Les terroristes ont fait exploser une voiture pi\u00e9g\u00e9, pr\u00e8s d'un camps militaire y\u00e9m\u00e9nite.\u00a0 L'attentat","protected":false},"author":2,"featured_media":0,"comment_status":"closed","ping_status":"open","sticky":false,"template":"","format":"standard","meta":[],"categories":[],"tags":[],"_links":{"self":[{"href":"https:\/\/www.lejournalduforkane.com\/index.php\/wp-json\/wp\/v2\/posts\/12898"}],"collection":[{"href":"https:\/\/www.lejournalduforkane.com\/index.php\/wp-json\/wp\/v2\/posts"}],"about":[{"href":"https:\/\/www.lejournalduforkane.com\/index.php\/wp-json\/wp\/v2\/types\/post"}],"author":[{"embeddable":true,"href":"https:\/\/www.lejournalduforkane.com\/index.php\/wp-json\/wp\/v2\/users\/2"}],"replies":[{"embeddable":true,"href":"https:\/\/www.lejournalduforkane.com\/index.php\/wp-json\/wp\/v2\/comments?post=12898"}],"version-history":[{"count":2,"href":"https:\/\/www.lejournalduforkane.com\/index.php\/wp-json\/wp\/v2\/posts\/12898\/revisions"}],"predecessor-version":[{"id":12901,"href":"https:\/\/www.lejournalduforkane.com\/index.php\/wp-json\/wp\/v2\/posts\/12898\/revisions\/12901"}],"wp:attachment":[{"href":"https:\/\/www.lejournalduforkane.com\/index.php\/wp-json\/wp\/v2\/media?parent=12898"}],"wp:term":[{"taxonomy":"category","embeddable":true,"href":"https:\/\/www.lejournalduforkane.com\/index.php\/wp-json\/wp\/v2\/categories?post=12898"},{"taxonomy":"post_tag","embeddable":true,"href":"https:\/\/www.lejournalduforkane.com\/index.php\/wp-json\/wp\/v2\/tags?post=12898"}],"curies":[{"name":"wp","href":"https:\/\/api.w.org\/{rel}","templated":true}]}}