
{"id":12922,"date":"2018-02-19T16:45:15","date_gmt":"2018-02-19T16:45:15","guid":{"rendered":"https:\/\/www.lejournalduforkane.com\/?p=12922"},"modified":"2018-02-19T21:05:52","modified_gmt":"2018-02-19T21:05:52","slug":"video-les-commercants-irlandais-retirent-les-produits-sionistes-des-supermarches","status":"publish","type":"post","link":"https:\/\/www.lejournalduforkane.com\/index.php\/video-les-commercants-irlandais-retirent-les-produits-sionistes-des-supermarches\/","title":{"rendered":"[Vid\u00e9o] | Les commer\u00e7ants irlandais retirent les produits isra\u00e9liens des supermarch\u00e9s"},"content":{"rendered":"<p><!--more--><\/p>\n<p>Une fois de plus, le peuple irlandais est \u00e0 l\u2019honneur. Les commer\u00e7ants irlandais retirent les produits isra\u00e9liens des supermarch\u00e9s. ils font un excellent travail<\/p>\n<p>NOUS SOMMES DE TOUT C\u0152UR AVEC LES PALESTINIENS QUI MALGR\u00c9 LEUR SOUFFRANCE CONTINUENT DE LUTTER.<br \/>\n<iframe loading=\"lazy\" src=\"https:\/\/www.youtube.com\/embed\/6kcvLpKVRbs\" width=\"560\" height=\"315\" frameborder=\"0\" allowfullscreen=\"allowfullscreen\"><\/iframe><\/p>\n","protected":false},"excerpt":{"rendered":"Une fois de plus, le peuple irlandais est \u00e0 l\u2019honneur. Les commer\u00e7ants irlandais retirent les produits isra\u00e9liens des supermarch\u00e9s. ils font un excellent travail NOUS SOMMES DE TOUT C\u0152UR AVEC","protected":false},"author":2,"featured_media":0,"comment_status":"closed","ping_status":"open","sticky":false,"template":"","format":"standard","meta":[],"categories":[49],"tags":[],"_links":{"self":[{"href":"https:\/\/www.lejournalduforkane.com\/index.php\/wp-json\/wp\/v2\/posts\/12922"}],"collection":[{"href":"https:\/\/www.lejournalduforkane.com\/index.php\/wp-json\/wp\/v2\/posts"}],"about":[{"href":"https:\/\/www.lejournalduforkane.com\/index.php\/wp-json\/wp\/v2\/types\/post"}],"author":[{"embeddable":true,"href":"https:\/\/www.lejournalduforkane.com\/index.php\/wp-json\/wp\/v2\/users\/2"}],"replies":[{"embeddable":true,"href":"https:\/\/www.lejournalduforkane.com\/index.php\/wp-json\/wp\/v2\/comments?post=12922"}],"version-history":[{"count":2,"href":"https:\/\/www.lejournalduforkane.com\/index.php\/wp-json\/wp\/v2\/posts\/12922\/revisions"}],"predecessor-version":[{"id":15146,"href":"https:\/\/www.lejournalduforkane.com\/index.php\/wp-json\/wp\/v2\/posts\/12922\/revisions\/15146"}],"wp:attachment":[{"href":"https:\/\/www.lejournalduforkane.com\/index.php\/wp-json\/wp\/v2\/media?parent=12922"}],"wp:term":[{"taxonomy":"category","embeddable":true,"href":"https:\/\/www.lejournalduforkane.com\/index.php\/wp-json\/wp\/v2\/categories?post=12922"},{"taxonomy":"post_tag","embeddable":true,"href":"https:\/\/www.lejournalduforkane.com\/index.php\/wp-json\/wp\/v2\/tags?post=12922"}],"curies":[{"name":"wp","href":"https:\/\/api.w.org\/{rel}","templated":true}]}}