
{"id":12930,"date":"2016-09-04T06:30:08","date_gmt":"2016-09-04T06:30:08","guid":{"rendered":"https:\/\/www.lejournalduforkane.com\/?p=12930"},"modified":"2016-09-04T06:30:08","modified_gmt":"2016-09-04T06:30:08","slug":"video-liran-au-secours-du-peuple-syrien","status":"publish","type":"post","link":"https:\/\/www.lejournalduforkane.com\/index.php\/video-liran-au-secours-du-peuple-syrien\/","title":{"rendered":"[Vid\u00e9o] | L\u2019Iran au secours du peuple Syrien"},"content":{"rendered":"<p><!--more--><\/p>\n<p style=\"text-align: justify;\">La R\u00e9publique islamique d&rsquo;Iran a envoy\u00e9e des convois humanitaires au gouvernement syrien afin d&rsquo;aider la population d&rsquo;Alep et sa r\u00e9gion. De plus, l&rsquo;Iran s&rsquo;est engag\u00e9 a aider a la r\u00e9habilitation des routes et des r\u00e9seaux de communication, de la sant\u00e9 et du secteur de l&rsquo;\u00e9ducation dans les zones touch\u00e9es pour soulager la population qui a souffert de la cruaut\u00e9 de la guerre et du si\u00e8ge par les groupes terroristes salafistes.<\/p>\n<p style=\"text-align: justify;\">Lire article La R\u00e9publique islamique d\u2019Iran au secours des Musulmans :<\/p>\n<p><a href=\"https:\/\/www.lejournalduforkane.com\/index.php\/la-republique-islamique-diran-au-secours-des-musulmans-2\/\">https:\/\/www.lejournalduforkane.com\/index.php\/la-republique-islamique-diran-au-secours-des-musulmans-2\/<\/a><br \/>\n<iframe loading=\"lazy\" src=\"https:\/\/www.youtube.com\/embed\/I82xhnucK1Y\" width=\"560\" height=\"315\" frameborder=\"0\" allowfullscreen=\"allowfullscreen\"><\/iframe><\/p>\n","protected":false},"excerpt":{"rendered":"La R\u00e9publique islamique d'Iran a envoy\u00e9e des convois humanitaires au gouvernement syrien afin d'aider la population d'Alep et sa r\u00e9gion. De plus, l'Iran s'est engag\u00e9 a aider a la r\u00e9habilitation","protected":false},"author":2,"featured_media":0,"comment_status":"closed","ping_status":"open","sticky":false,"template":"","format":"standard","meta":[],"categories":[],"tags":[],"_links":{"self":[{"href":"https:\/\/www.lejournalduforkane.com\/index.php\/wp-json\/wp\/v2\/posts\/12930"}],"collection":[{"href":"https:\/\/www.lejournalduforkane.com\/index.php\/wp-json\/wp\/v2\/posts"}],"about":[{"href":"https:\/\/www.lejournalduforkane.com\/index.php\/wp-json\/wp\/v2\/types\/post"}],"author":[{"embeddable":true,"href":"https:\/\/www.lejournalduforkane.com\/index.php\/wp-json\/wp\/v2\/users\/2"}],"replies":[{"embeddable":true,"href":"https:\/\/www.lejournalduforkane.com\/index.php\/wp-json\/wp\/v2\/comments?post=12930"}],"version-history":[{"count":1,"href":"https:\/\/www.lejournalduforkane.com\/index.php\/wp-json\/wp\/v2\/posts\/12930\/revisions"}],"predecessor-version":[{"id":12932,"href":"https:\/\/www.lejournalduforkane.com\/index.php\/wp-json\/wp\/v2\/posts\/12930\/revisions\/12932"}],"wp:attachment":[{"href":"https:\/\/www.lejournalduforkane.com\/index.php\/wp-json\/wp\/v2\/media?parent=12930"}],"wp:term":[{"taxonomy":"category","embeddable":true,"href":"https:\/\/www.lejournalduforkane.com\/index.php\/wp-json\/wp\/v2\/categories?post=12930"},{"taxonomy":"post_tag","embeddable":true,"href":"https:\/\/www.lejournalduforkane.com\/index.php\/wp-json\/wp\/v2\/tags?post=12930"}],"curies":[{"name":"wp","href":"https:\/\/api.w.org\/{rel}","templated":true}]}}