
{"id":12991,"date":"2016-09-10T20:57:05","date_gmt":"2016-09-10T20:57:05","guid":{"rendered":"https:\/\/www.lejournalduforkane.com\/?p=12991"},"modified":"2016-09-10T20:57:05","modified_gmt":"2016-09-10T20:57:05","slug":"video-les-iraniens-sont-sortis-manifester-en-masse-pour-condamner-les-crimes-du-regime-al-saud","status":"publish","type":"post","link":"https:\/\/www.lejournalduforkane.com\/index.php\/video-les-iraniens-sont-sortis-manifester-en-masse-pour-condamner-les-crimes-du-regime-al-saud\/","title":{"rendered":"[Vid\u00e9o] | Les Iraniens sont sortis manifester en masse pour condamner les crimes du r\u00e9gime Al-Saud"},"content":{"rendered":"<p style=\"text-align: justify;\"><!--more--><\/p>\n<p style=\"text-align: justify;\">[Vid\u00e9o] | Les Iraniens sont sortis manifester en masse hier dans diff\u00e9rentes villes du pays pour condamner les crimes du r\u00e9gime Al-Saud et comm\u00e9morer le massacre de p\u00e8lerins innocents \u00e0 Mina mais aussi pour demander la lib\u00e9ration du Sheikh Issa Qassem.<\/p>\n<p style=\"text-align: justify;\">\n<p style=\"text-align: justify;\">\n<p><iframe loading=\"lazy\" width=\"560\" height=\"315\" src=\"https:\/\/www.youtube.com\/embed\/C_tBVjOXuMg\" frameborder=\"0\" allowfullscreen><\/iframe><\/p>\n","protected":false},"excerpt":{"rendered":"[Vid\u00e9o] | Les Iraniens sont sortis manifester en masse hier dans diff\u00e9rentes villes du pays pour condamner les crimes du r\u00e9gime Al-Saud et comm\u00e9morer le massacre de p\u00e8lerins innocents \u00e0","protected":false},"author":2,"featured_media":0,"comment_status":"closed","ping_status":"open","sticky":false,"template":"","format":"standard","meta":[],"categories":[],"tags":[],"_links":{"self":[{"href":"https:\/\/www.lejournalduforkane.com\/index.php\/wp-json\/wp\/v2\/posts\/12991"}],"collection":[{"href":"https:\/\/www.lejournalduforkane.com\/index.php\/wp-json\/wp\/v2\/posts"}],"about":[{"href":"https:\/\/www.lejournalduforkane.com\/index.php\/wp-json\/wp\/v2\/types\/post"}],"author":[{"embeddable":true,"href":"https:\/\/www.lejournalduforkane.com\/index.php\/wp-json\/wp\/v2\/users\/2"}],"replies":[{"embeddable":true,"href":"https:\/\/www.lejournalduforkane.com\/index.php\/wp-json\/wp\/v2\/comments?post=12991"}],"version-history":[{"count":1,"href":"https:\/\/www.lejournalduforkane.com\/index.php\/wp-json\/wp\/v2\/posts\/12991\/revisions"}],"predecessor-version":[{"id":12993,"href":"https:\/\/www.lejournalduforkane.com\/index.php\/wp-json\/wp\/v2\/posts\/12991\/revisions\/12993"}],"wp:attachment":[{"href":"https:\/\/www.lejournalduforkane.com\/index.php\/wp-json\/wp\/v2\/media?parent=12991"}],"wp:term":[{"taxonomy":"category","embeddable":true,"href":"https:\/\/www.lejournalduforkane.com\/index.php\/wp-json\/wp\/v2\/categories?post=12991"},{"taxonomy":"post_tag","embeddable":true,"href":"https:\/\/www.lejournalduforkane.com\/index.php\/wp-json\/wp\/v2\/tags?post=12991"}],"curies":[{"name":"wp","href":"https:\/\/api.w.org\/{rel}","templated":true}]}}