
{"id":13058,"date":"2016-09-15T08:20:49","date_gmt":"2016-09-15T08:20:49","guid":{"rendered":"https:\/\/www.lejournalduforkane.com\/?p=13058"},"modified":"2016-09-15T08:21:04","modified_gmt":"2016-09-15T08:21:04","slug":"nouvelle-video-le-general-iranien-qassem-souleimani-a-alep","status":"publish","type":"post","link":"https:\/\/www.lejournalduforkane.com\/index.php\/nouvelle-video-le-general-iranien-qassem-souleimani-a-alep\/","title":{"rendered":"[Nouvelle vid\u00e9o] | Le g\u00e9n\u00e9ral iranien Qassem Souleimani \u00e0 Alep"},"content":{"rendered":"<p><!--more--><\/p>\n<div id=\"js_1u\" class=\"_5pbx userContent\" data-ft=\"{&quot;tn&quot;:&quot;K&quot;}\">\n<p style=\"text-align: justify;\">Le g\u00e9n\u00e9ral iranien Qassem Souleimani, conseiller militaire pour la lib\u00e9ration d\u2019Alep est arriv\u00e9 sur les lieux afin de superviser les op\u00e9rations militaires pour lib\u00e9ration totale de la ville et de sa banlieue des terroristes salafistes.<\/p>\n<p style=\"text-align: justify;\">Depuis septembre 2014, l\u2019Iran est venu en aide aux syriens et aux irakiens. Qassam Soleymani a pris en main la strat\u00e9gie militaire et su galvaniser les troupes. Depuis son arriv\u00e9e, les arm\u00e9es syrienne et irakienne vont de victoire en victoire\u2026<\/p>\n<\/div>\n<p><iframe loading=\"lazy\" width=\"560\" height=\"315\" src=\"https:\/\/www.youtube.com\/embed\/6z7-kIvrpvU\" frameborder=\"0\" allowfullscreen><\/iframe><\/p>\n","protected":false},"excerpt":{"rendered":"Le g\u00e9n\u00e9ral iranien Qassem Souleimani, conseiller militaire pour la lib\u00e9ration d\u2019Alep est arriv\u00e9 sur les lieux afin de superviser les op\u00e9rations militaires pour lib\u00e9ration totale de la ville et de","protected":false},"author":2,"featured_media":0,"comment_status":"closed","ping_status":"open","sticky":false,"template":"","format":"standard","meta":[],"categories":[],"tags":[],"_links":{"self":[{"href":"https:\/\/www.lejournalduforkane.com\/index.php\/wp-json\/wp\/v2\/posts\/13058"}],"collection":[{"href":"https:\/\/www.lejournalduforkane.com\/index.php\/wp-json\/wp\/v2\/posts"}],"about":[{"href":"https:\/\/www.lejournalduforkane.com\/index.php\/wp-json\/wp\/v2\/types\/post"}],"author":[{"embeddable":true,"href":"https:\/\/www.lejournalduforkane.com\/index.php\/wp-json\/wp\/v2\/users\/2"}],"replies":[{"embeddable":true,"href":"https:\/\/www.lejournalduforkane.com\/index.php\/wp-json\/wp\/v2\/comments?post=13058"}],"version-history":[{"count":2,"href":"https:\/\/www.lejournalduforkane.com\/index.php\/wp-json\/wp\/v2\/posts\/13058\/revisions"}],"predecessor-version":[{"id":13061,"href":"https:\/\/www.lejournalduforkane.com\/index.php\/wp-json\/wp\/v2\/posts\/13058\/revisions\/13061"}],"wp:attachment":[{"href":"https:\/\/www.lejournalduforkane.com\/index.php\/wp-json\/wp\/v2\/media?parent=13058"}],"wp:term":[{"taxonomy":"category","embeddable":true,"href":"https:\/\/www.lejournalduforkane.com\/index.php\/wp-json\/wp\/v2\/categories?post=13058"},{"taxonomy":"post_tag","embeddable":true,"href":"https:\/\/www.lejournalduforkane.com\/index.php\/wp-json\/wp\/v2\/tags?post=13058"}],"curies":[{"name":"wp","href":"https:\/\/api.w.org\/{rel}","templated":true}]}}