
{"id":13062,"date":"2016-09-15T08:28:54","date_gmt":"2016-09-15T08:28:54","guid":{"rendered":"https:\/\/www.lejournalduforkane.com\/?p=13062"},"modified":"2016-09-15T08:28:54","modified_gmt":"2016-09-15T08:28:54","slug":"video-la-coalition-arabo-sioniste-utilise-des-armes-interdites-sur-les-civils-yemenites-attention-images-choquantes","status":"publish","type":"post","link":"https:\/\/www.lejournalduforkane.com\/index.php\/video-la-coalition-arabo-sioniste-utilise-des-armes-interdites-sur-les-civils-yemenites-attention-images-choquantes\/","title":{"rendered":"[Vid\u00e9o] | La Coalition arabo-sioniste utilise des armes interdites sur les civils y\u00e9m\u00e9nites : ATTENTION IMAGES CHOQUANTES"},"content":{"rendered":"<p><!--more--><\/p>\n<div id=\"js_1q\" class=\"_5pbx userContent\" data-ft=\"{&quot;tn&quot;:&quot;K&quot;}\">\n<p style=\"text-align: justify;\">Voici le r\u00e9sultat de l\u2019agression des arabes sionistes contre le Y\u00e9men. Nous ne publions pas ces images pour faire du buzz mais pour sensibiliser les gens sur le massacre (dont personne ne parle) qui se d\u00e9roule actuellement au Y\u00e9men.<\/p>\n<p style=\"text-align: justify;\"><strong>AL-MAHDI ET SES PARTISANS VIENDRONT AVEC SON GRAND PROJET POUR SAUVER LE Y\u00c9MEN DES GRIFFES DES MAUDITS ARABES SIONISTES QUI ONT TRAHI L\u2019ISLAM ET LES MUSULMANS. ILS ONT OUTREPASS\u00c9S TOUTES LES LIMITES\u2026.<\/strong><\/p>\n<p style=\"text-align: justify;\">\n<\/div>\n<p><iframe loading=\"lazy\" src=\"https:\/\/www.youtube.com\/embed\/qUOfqsPuXzk\" width=\"560\" height=\"315\" frameborder=\"0\" allowfullscreen=\"allowfullscreen\"><\/iframe><\/p>\n","protected":false},"excerpt":{"rendered":"Voici le r\u00e9sultat de l\u2019agression des arabes sionistes contre le Y\u00e9men. Nous ne publions pas ces images pour faire du buzz mais pour sensibiliser les gens sur le massacre (dont","protected":false},"author":2,"featured_media":0,"comment_status":"closed","ping_status":"open","sticky":false,"template":"","format":"standard","meta":[],"categories":[],"tags":[],"_links":{"self":[{"href":"https:\/\/www.lejournalduforkane.com\/index.php\/wp-json\/wp\/v2\/posts\/13062"}],"collection":[{"href":"https:\/\/www.lejournalduforkane.com\/index.php\/wp-json\/wp\/v2\/posts"}],"about":[{"href":"https:\/\/www.lejournalduforkane.com\/index.php\/wp-json\/wp\/v2\/types\/post"}],"author":[{"embeddable":true,"href":"https:\/\/www.lejournalduforkane.com\/index.php\/wp-json\/wp\/v2\/users\/2"}],"replies":[{"embeddable":true,"href":"https:\/\/www.lejournalduforkane.com\/index.php\/wp-json\/wp\/v2\/comments?post=13062"}],"version-history":[{"count":1,"href":"https:\/\/www.lejournalduforkane.com\/index.php\/wp-json\/wp\/v2\/posts\/13062\/revisions"}],"predecessor-version":[{"id":13064,"href":"https:\/\/www.lejournalduforkane.com\/index.php\/wp-json\/wp\/v2\/posts\/13062\/revisions\/13064"}],"wp:attachment":[{"href":"https:\/\/www.lejournalduforkane.com\/index.php\/wp-json\/wp\/v2\/media?parent=13062"}],"wp:term":[{"taxonomy":"category","embeddable":true,"href":"https:\/\/www.lejournalduforkane.com\/index.php\/wp-json\/wp\/v2\/categories?post=13062"},{"taxonomy":"post_tag","embeddable":true,"href":"https:\/\/www.lejournalduforkane.com\/index.php\/wp-json\/wp\/v2\/tags?post=13062"}],"curies":[{"name":"wp","href":"https:\/\/api.w.org\/{rel}","templated":true}]}}