
{"id":13071,"date":"2016-09-15T18:49:07","date_gmt":"2016-09-15T18:49:07","guid":{"rendered":"https:\/\/www.lejournalduforkane.com\/?p=13071"},"modified":"2016-09-15T18:49:07","modified_gmt":"2016-09-15T18:49:07","slug":"video-choquante-un-militaire-saoudien-gifle-un-pelerin-devant-sa-femme-a-la-mecque","status":"publish","type":"post","link":"https:\/\/www.lejournalduforkane.com\/index.php\/video-choquante-un-militaire-saoudien-gifle-un-pelerin-devant-sa-femme-a-la-mecque\/","title":{"rendered":"VID\u00c9O CHOQUANTE : Un Militaire saoudien gifle un p\u00e8lerin devant sa femme \u00e0 la Mecque !!!"},"content":{"rendered":"<p><!--more--><\/p>\n<div id=\"js_n\" class=\"_5pbx userContent\" data-ft=\"{&quot;tn&quot;:&quot;K&quot;}\">\n<p>VID\u00c9O CHOQUANTE : Un Militaire saoudien gifle un p\u00e8lerin devant sa femme \u00e0 la Mecque !!!<\/p>\n<p>Quand est-ce que cette injustice touchera \u00e0 sa fin ?<br \/>\n<iframe loading=\"lazy\" src=\"https:\/\/www.youtube.com\/embed\/Q2GCs8Lv_MI\" width=\"560\" height=\"315\" frameborder=\"0\" allowfullscreen=\"allowfullscreen\"><\/iframe><\/p>\n<\/div>\n","protected":false},"excerpt":{"rendered":"VID\u00c9O CHOQUANTE : Un Militaire saoudien gifle un p\u00e8lerin devant sa femme \u00e0 la Mecque !!! Quand est-ce que cette injustice touchera \u00e0 sa fin ?","protected":false},"author":2,"featured_media":0,"comment_status":"closed","ping_status":"open","sticky":false,"template":"","format":"standard","meta":[],"categories":[],"tags":[],"_links":{"self":[{"href":"https:\/\/www.lejournalduforkane.com\/index.php\/wp-json\/wp\/v2\/posts\/13071"}],"collection":[{"href":"https:\/\/www.lejournalduforkane.com\/index.php\/wp-json\/wp\/v2\/posts"}],"about":[{"href":"https:\/\/www.lejournalduforkane.com\/index.php\/wp-json\/wp\/v2\/types\/post"}],"author":[{"embeddable":true,"href":"https:\/\/www.lejournalduforkane.com\/index.php\/wp-json\/wp\/v2\/users\/2"}],"replies":[{"embeddable":true,"href":"https:\/\/www.lejournalduforkane.com\/index.php\/wp-json\/wp\/v2\/comments?post=13071"}],"version-history":[{"count":1,"href":"https:\/\/www.lejournalduforkane.com\/index.php\/wp-json\/wp\/v2\/posts\/13071\/revisions"}],"predecessor-version":[{"id":13073,"href":"https:\/\/www.lejournalduforkane.com\/index.php\/wp-json\/wp\/v2\/posts\/13071\/revisions\/13073"}],"wp:attachment":[{"href":"https:\/\/www.lejournalduforkane.com\/index.php\/wp-json\/wp\/v2\/media?parent=13071"}],"wp:term":[{"taxonomy":"category","embeddable":true,"href":"https:\/\/www.lejournalduforkane.com\/index.php\/wp-json\/wp\/v2\/categories?post=13071"},{"taxonomy":"post_tag","embeddable":true,"href":"https:\/\/www.lejournalduforkane.com\/index.php\/wp-json\/wp\/v2\/tags?post=13071"}],"curies":[{"name":"wp","href":"https:\/\/api.w.org\/{rel}","templated":true}]}}