
{"id":13119,"date":"2016-09-21T19:08:42","date_gmt":"2016-09-21T19:08:42","guid":{"rendered":"https:\/\/www.lejournalduforkane.com\/?p=13119"},"modified":"2016-09-21T19:08:42","modified_gmt":"2016-09-21T19:08:42","slug":"video-video-dun-avion-sans-pilote-qui-montre-les-convois-humanitaires-en-campagne-dalep-accompagnes-de-terroristes-equipes-darmes-lourdes","status":"publish","type":"post","link":"https:\/\/www.lejournalduforkane.com\/index.php\/video-video-dun-avion-sans-pilote-qui-montre-les-convois-humanitaires-en-campagne-dalep-accompagnes-de-terroristes-equipes-darmes-lourdes\/","title":{"rendered":"[Vid\u00e9o] | Vid\u00e9o d&rsquo;un avion sans pilote qui montre les convois humanitaires en campagne d&rsquo;Alep accompagn\u00e9s de terroristes \u00e9quip\u00e9s d&rsquo;armes lourdes"},"content":{"rendered":"<p><!--more--><\/p>\n<div id=\"js_x\" class=\"_5pbx userContent\" data-ft=\"{&quot;tn&quot;:&quot;K&quot;}\">\n<p>PARTAGER UN MAXIMUM<\/p>\n<p>&nbsp;<\/p>\n<p><iframe loading=\"lazy\" src=\"https:\/\/www.youtube.com\/embed\/5GjN4pemJ3Y\" width=\"560\" height=\"315\" frameborder=\"0\" allowfullscreen=\"allowfullscreen\"><\/iframe><\/p>\n<\/div>\n","protected":false},"excerpt":{"rendered":"PARTAGER UN MAXIMUM &nbsp;","protected":false},"author":2,"featured_media":0,"comment_status":"closed","ping_status":"open","sticky":false,"template":"","format":"standard","meta":[],"categories":[],"tags":[],"_links":{"self":[{"href":"https:\/\/www.lejournalduforkane.com\/index.php\/wp-json\/wp\/v2\/posts\/13119"}],"collection":[{"href":"https:\/\/www.lejournalduforkane.com\/index.php\/wp-json\/wp\/v2\/posts"}],"about":[{"href":"https:\/\/www.lejournalduforkane.com\/index.php\/wp-json\/wp\/v2\/types\/post"}],"author":[{"embeddable":true,"href":"https:\/\/www.lejournalduforkane.com\/index.php\/wp-json\/wp\/v2\/users\/2"}],"replies":[{"embeddable":true,"href":"https:\/\/www.lejournalduforkane.com\/index.php\/wp-json\/wp\/v2\/comments?post=13119"}],"version-history":[{"count":1,"href":"https:\/\/www.lejournalduforkane.com\/index.php\/wp-json\/wp\/v2\/posts\/13119\/revisions"}],"predecessor-version":[{"id":13121,"href":"https:\/\/www.lejournalduforkane.com\/index.php\/wp-json\/wp\/v2\/posts\/13119\/revisions\/13121"}],"wp:attachment":[{"href":"https:\/\/www.lejournalduforkane.com\/index.php\/wp-json\/wp\/v2\/media?parent=13119"}],"wp:term":[{"taxonomy":"category","embeddable":true,"href":"https:\/\/www.lejournalduforkane.com\/index.php\/wp-json\/wp\/v2\/categories?post=13119"},{"taxonomy":"post_tag","embeddable":true,"href":"https:\/\/www.lejournalduforkane.com\/index.php\/wp-json\/wp\/v2\/tags?post=13119"}],"curies":[{"name":"wp","href":"https:\/\/api.w.org\/{rel}","templated":true}]}}