
{"id":13125,"date":"2016-09-23T18:48:22","date_gmt":"2016-09-23T18:48:22","guid":{"rendered":"https:\/\/www.lejournalduforkane.com\/?p=13125"},"modified":"2016-09-23T18:50:53","modified_gmt":"2016-09-23T18:50:53","slug":"seyyed-abdelmalek-al-houthi-chef-de-la-resistance-yemenite-sadresse-au-regime-maudit-des-al-saouds","status":"publish","type":"post","link":"https:\/\/www.lejournalduforkane.com\/index.php\/seyyed-abdelmalek-al-houthi-chef-de-la-resistance-yemenite-sadresse-au-regime-maudit-des-al-saouds\/","title":{"rendered":"Seyyed Abdelmalek Al Houthi (chef de la R\u00e9sistance y\u00e9m\u00e9nite) s&rsquo;adresse au r\u00e9gime maudit des Al Saouds"},"content":{"rendered":"<p><!--more--><\/p>\n<div id=\"js_j3\" class=\"_5pbx userContent\" data-ft=\"{&quot;tn&quot;:&quot;K&quot;}\">\n<p>A \u00c9COUTER ET A PARTAGER UN MAXIMUM<\/p>\n<p>&nbsp;<\/p>\n<\/div>\n<p><iframe loading=\"lazy\" src=\"https:\/\/www.youtube.com\/embed\/EmD2eqdFlsc\" width=\"560\" height=\"315\" frameborder=\"0\" allowfullscreen=\"allowfullscreen\"><\/iframe><\/p>\n","protected":false},"excerpt":{"rendered":"A \u00c9COUTER ET A PARTAGER UN MAXIMUM &nbsp;","protected":false},"author":2,"featured_media":0,"comment_status":"closed","ping_status":"open","sticky":false,"template":"","format":"standard","meta":[],"categories":[],"tags":[],"_links":{"self":[{"href":"https:\/\/www.lejournalduforkane.com\/index.php\/wp-json\/wp\/v2\/posts\/13125"}],"collection":[{"href":"https:\/\/www.lejournalduforkane.com\/index.php\/wp-json\/wp\/v2\/posts"}],"about":[{"href":"https:\/\/www.lejournalduforkane.com\/index.php\/wp-json\/wp\/v2\/types\/post"}],"author":[{"embeddable":true,"href":"https:\/\/www.lejournalduforkane.com\/index.php\/wp-json\/wp\/v2\/users\/2"}],"replies":[{"embeddable":true,"href":"https:\/\/www.lejournalduforkane.com\/index.php\/wp-json\/wp\/v2\/comments?post=13125"}],"version-history":[{"count":1,"href":"https:\/\/www.lejournalduforkane.com\/index.php\/wp-json\/wp\/v2\/posts\/13125\/revisions"}],"predecessor-version":[{"id":13126,"href":"https:\/\/www.lejournalduforkane.com\/index.php\/wp-json\/wp\/v2\/posts\/13125\/revisions\/13126"}],"wp:attachment":[{"href":"https:\/\/www.lejournalduforkane.com\/index.php\/wp-json\/wp\/v2\/media?parent=13125"}],"wp:term":[{"taxonomy":"category","embeddable":true,"href":"https:\/\/www.lejournalduforkane.com\/index.php\/wp-json\/wp\/v2\/categories?post=13125"},{"taxonomy":"post_tag","embeddable":true,"href":"https:\/\/www.lejournalduforkane.com\/index.php\/wp-json\/wp\/v2\/tags?post=13125"}],"curies":[{"name":"wp","href":"https:\/\/api.w.org\/{rel}","templated":true}]}}