
{"id":13160,"date":"2016-09-25T15:25:26","date_gmt":"2016-09-25T15:25:26","guid":{"rendered":"https:\/\/www.lejournalduforkane.com\/?p=13160"},"modified":"2016-09-25T15:25:26","modified_gmt":"2016-09-25T15:25:26","slug":"video-louis-farrakhan-repond-a-barack-obama","status":"publish","type":"post","link":"https:\/\/www.lejournalduforkane.com\/index.php\/video-louis-farrakhan-repond-a-barack-obama\/","title":{"rendered":"[Vid\u00e9o] | LOUIS FARRAKHAN R\u00c9POND \u00c0 BARACK OBAMA"},"content":{"rendered":"<p><!--more--><\/p>\n<div id=\"js_1aj\" class=\"_5pbx userContent\" data-ft=\"{&quot;tn&quot;:&quot;K&quot;}\">\n<p>\u00a0\u00bb Tu t&rsquo;es battu pour Isra\u00ebl et t&rsquo;as pas \u00e9t\u00e9 foutu de t&rsquo;occuper de tes fr\u00e8res noirs qui cr\u00e8vent dans la rue\u00a0\u00bb<\/p>\n<p>&nbsp;<\/p>\n<\/div>\n<p><iframe loading=\"lazy\" src=\"https:\/\/www.youtube.com\/embed\/bCytrBxQ7BU\" width=\"560\" height=\"315\" frameborder=\"0\" allowfullscreen=\"allowfullscreen\"><\/iframe><\/p>\n","protected":false},"excerpt":{"rendered":"\" Tu t'es battu pour Isra\u00ebl et t'as pas \u00e9t\u00e9 foutu de t'occuper de tes fr\u00e8res noirs qui cr\u00e8vent dans la rue\" &nbsp;","protected":false},"author":2,"featured_media":0,"comment_status":"closed","ping_status":"open","sticky":false,"template":"","format":"standard","meta":[],"categories":[],"tags":[],"_links":{"self":[{"href":"https:\/\/www.lejournalduforkane.com\/index.php\/wp-json\/wp\/v2\/posts\/13160"}],"collection":[{"href":"https:\/\/www.lejournalduforkane.com\/index.php\/wp-json\/wp\/v2\/posts"}],"about":[{"href":"https:\/\/www.lejournalduforkane.com\/index.php\/wp-json\/wp\/v2\/types\/post"}],"author":[{"embeddable":true,"href":"https:\/\/www.lejournalduforkane.com\/index.php\/wp-json\/wp\/v2\/users\/2"}],"replies":[{"embeddable":true,"href":"https:\/\/www.lejournalduforkane.com\/index.php\/wp-json\/wp\/v2\/comments?post=13160"}],"version-history":[{"count":1,"href":"https:\/\/www.lejournalduforkane.com\/index.php\/wp-json\/wp\/v2\/posts\/13160\/revisions"}],"predecessor-version":[{"id":13162,"href":"https:\/\/www.lejournalduforkane.com\/index.php\/wp-json\/wp\/v2\/posts\/13160\/revisions\/13162"}],"wp:attachment":[{"href":"https:\/\/www.lejournalduforkane.com\/index.php\/wp-json\/wp\/v2\/media?parent=13160"}],"wp:term":[{"taxonomy":"category","embeddable":true,"href":"https:\/\/www.lejournalduforkane.com\/index.php\/wp-json\/wp\/v2\/categories?post=13160"},{"taxonomy":"post_tag","embeddable":true,"href":"https:\/\/www.lejournalduforkane.com\/index.php\/wp-json\/wp\/v2\/tags?post=13160"}],"curies":[{"name":"wp","href":"https:\/\/api.w.org\/{rel}","templated":true}]}}