
{"id":13219,"date":"2016-09-30T19:21:51","date_gmt":"2016-09-30T19:21:51","guid":{"rendered":"https:\/\/www.lejournalduforkane.com\/?p=13219"},"modified":"2016-09-30T19:21:51","modified_gmt":"2016-09-30T19:21:51","slug":"video-05-terroristes-ont-ete-abattus-jeudi-a-batna-en-algerie-par-un-detachement-de-lanp","status":"publish","type":"post","link":"https:\/\/www.lejournalduforkane.com\/index.php\/video-05-terroristes-ont-ete-abattus-jeudi-a-batna-en-algerie-par-un-detachement-de-lanp\/","title":{"rendered":"[VIDEO] 05 terroristes ont \u00e9t\u00e9 abattus jeudi \u00e0 Batna en Alg\u00e9rie par un d\u00e9tachement de l&rsquo;ANP"},"content":{"rendered":"<p><!--more--><\/p>\n<p style=\"text-align: justify;\">05 terroristes ont \u00e9t\u00e9 abattus jeudi \u00e0 Batna en Alg\u00e9rie par un d\u00e9tachement de l&rsquo;ANP qui a r\u00e9cup\u00e9r\u00e9 des armes et une grande quantit\u00e9 de munitions, indique un communiqu\u00e9 du minist\u00e8re de la d\u00e9fense nationale (MDN).<\/p>\n<p><iframe loading=\"lazy\" src=\"https:\/\/www.youtube.com\/embed\/Gic2TqoLm1Q\" width=\"560\" height=\"315\" frameborder=\"0\" allowfullscreen=\"allowfullscreen\"><\/iframe><\/p>\n","protected":false},"excerpt":{"rendered":"05 terroristes ont \u00e9t\u00e9 abattus jeudi \u00e0 Batna en Alg\u00e9rie par un d\u00e9tachement de l'ANP qui a r\u00e9cup\u00e9r\u00e9 des armes et une grande quantit\u00e9 de munitions, indique un communiqu\u00e9 du","protected":false},"author":2,"featured_media":0,"comment_status":"closed","ping_status":"open","sticky":false,"template":"","format":"standard","meta":[],"categories":[],"tags":[],"_links":{"self":[{"href":"https:\/\/www.lejournalduforkane.com\/index.php\/wp-json\/wp\/v2\/posts\/13219"}],"collection":[{"href":"https:\/\/www.lejournalduforkane.com\/index.php\/wp-json\/wp\/v2\/posts"}],"about":[{"href":"https:\/\/www.lejournalduforkane.com\/index.php\/wp-json\/wp\/v2\/types\/post"}],"author":[{"embeddable":true,"href":"https:\/\/www.lejournalduforkane.com\/index.php\/wp-json\/wp\/v2\/users\/2"}],"replies":[{"embeddable":true,"href":"https:\/\/www.lejournalduforkane.com\/index.php\/wp-json\/wp\/v2\/comments?post=13219"}],"version-history":[{"count":1,"href":"https:\/\/www.lejournalduforkane.com\/index.php\/wp-json\/wp\/v2\/posts\/13219\/revisions"}],"predecessor-version":[{"id":13221,"href":"https:\/\/www.lejournalduforkane.com\/index.php\/wp-json\/wp\/v2\/posts\/13219\/revisions\/13221"}],"wp:attachment":[{"href":"https:\/\/www.lejournalduforkane.com\/index.php\/wp-json\/wp\/v2\/media?parent=13219"}],"wp:term":[{"taxonomy":"category","embeddable":true,"href":"https:\/\/www.lejournalduforkane.com\/index.php\/wp-json\/wp\/v2\/categories?post=13219"},{"taxonomy":"post_tag","embeddable":true,"href":"https:\/\/www.lejournalduforkane.com\/index.php\/wp-json\/wp\/v2\/tags?post=13219"}],"curies":[{"name":"wp","href":"https:\/\/api.w.org\/{rel}","templated":true}]}}