
{"id":13308,"date":"2016-10-09T10:20:03","date_gmt":"2016-10-09T10:20:03","guid":{"rendered":"https:\/\/www.lejournalduforkane.com\/?p=13308"},"modified":"2016-10-09T10:20:03","modified_gmt":"2016-10-09T10:20:03","slug":"ce-nest-pas-gaza-ou-des-avions-de-chasse-israeliens-bombardent-les-palestiniens","status":"publish","type":"post","link":"https:\/\/www.lejournalduforkane.com\/index.php\/ce-nest-pas-gaza-ou-des-avions-de-chasse-israeliens-bombardent-les-palestiniens\/","title":{"rendered":"Ce n&rsquo;est pas Gaza ou des avions de chasse isra\u00e9liens bombardent les Palestiniens"},"content":{"rendered":"<p style=\"text-align: justify;\"><!--more--><\/p>\n<p style=\"text-align: justify;\">C&rsquo;est au Y\u00e9men, o\u00f9 la coalition arabo-sioniste dirig\u00e9e par la maudite Arabie bombardement des musulmans.<\/p>\n<p style=\"text-align: justify;\">La seconde frappe saoudienne \u00e0 vis\u00e9e des sauveteurs et des ambulances qui essayaient d&rsquo;aider les bless\u00e9s dans une c\u00e9r\u00e9monie fun\u00e8bre hier \u00e0 Sanaa.<\/p>\n<div class=\"text_exposed_show\">\n<p style=\"text-align: justify;\">Rappelons que cette frappe a plus de 150 morts et 700 bless\u00e9s.<\/p>\n<p>\u00a0<iframe loading=\"lazy\" src=\"https:\/\/www.youtube.com\/embed\/TLNC6mTtSII\" width=\"560\" height=\"315\" frameborder=\"0\" allowfullscreen=\"allowfullscreen\"><\/iframe><\/p>\n<\/div>\n","protected":false},"excerpt":{"rendered":"C'est au Y\u00e9men, o\u00f9 la coalition arabo-sioniste dirig\u00e9e par la maudite Arabie bombardement des musulmans. La seconde frappe saoudienne \u00e0 vis\u00e9e des sauveteurs et des ambulances qui essayaient d'aider les","protected":false},"author":2,"featured_media":0,"comment_status":"closed","ping_status":"open","sticky":false,"template":"","format":"standard","meta":[],"categories":[],"tags":[],"_links":{"self":[{"href":"https:\/\/www.lejournalduforkane.com\/index.php\/wp-json\/wp\/v2\/posts\/13308"}],"collection":[{"href":"https:\/\/www.lejournalduforkane.com\/index.php\/wp-json\/wp\/v2\/posts"}],"about":[{"href":"https:\/\/www.lejournalduforkane.com\/index.php\/wp-json\/wp\/v2\/types\/post"}],"author":[{"embeddable":true,"href":"https:\/\/www.lejournalduforkane.com\/index.php\/wp-json\/wp\/v2\/users\/2"}],"replies":[{"embeddable":true,"href":"https:\/\/www.lejournalduforkane.com\/index.php\/wp-json\/wp\/v2\/comments?post=13308"}],"version-history":[{"count":1,"href":"https:\/\/www.lejournalduforkane.com\/index.php\/wp-json\/wp\/v2\/posts\/13308\/revisions"}],"predecessor-version":[{"id":13310,"href":"https:\/\/www.lejournalduforkane.com\/index.php\/wp-json\/wp\/v2\/posts\/13308\/revisions\/13310"}],"wp:attachment":[{"href":"https:\/\/www.lejournalduforkane.com\/index.php\/wp-json\/wp\/v2\/media?parent=13308"}],"wp:term":[{"taxonomy":"category","embeddable":true,"href":"https:\/\/www.lejournalduforkane.com\/index.php\/wp-json\/wp\/v2\/categories?post=13308"},{"taxonomy":"post_tag","embeddable":true,"href":"https:\/\/www.lejournalduforkane.com\/index.php\/wp-json\/wp\/v2\/tags?post=13308"}],"curies":[{"name":"wp","href":"https:\/\/api.w.org\/{rel}","templated":true}]}}