
{"id":13424,"date":"2016-10-12T18:48:00","date_gmt":"2016-10-12T18:48:00","guid":{"rendered":"https:\/\/www.lejournalduforkane.com\/?p=13424"},"modified":"2016-10-12T18:48:00","modified_gmt":"2016-10-12T18:48:00","slug":"video-choc-une-petite-fille-yemenite-pleure-devant-le-corps-de-son-pere","status":"publish","type":"post","link":"https:\/\/www.lejournalduforkane.com\/index.php\/video-choc-une-petite-fille-yemenite-pleure-devant-le-corps-de-son-pere\/","title":{"rendered":"[VID\u00c9O CHOC] | Une petite fille y\u00e9m\u00e9nite pleure devant le corps de son p\u00e8re"},"content":{"rendered":"<p style=\"text-align: justify;\"><!--more--><\/p>\n<div id=\"js_1o\" class=\"_5pbx userContent\" data-ft=\"{&quot;tn&quot;:&quot;K&quot;}\">\n<p style=\"text-align: justify;\">[VID\u00c9O CHOC] | \u00c2MES SENSIBLES S&rsquo;ABSTENIR !!! Une petite fille y\u00e9m\u00e9nite pleure devant le corps de son p\u00e8re qui a \u00e9t\u00e9 tu\u00e9 par une frappe a\u00e9rienne de la coalition Arabo-US qui visait une c\u00e9r\u00e9monie fun\u00e8bre dans la capitale du Y\u00e9men, Sanaa, le 8\/10\/2016.<\/p>\n<p style=\"text-align: justify;\">S&rsquo;il vous pla\u00eet partager autant que possible cette vid\u00e9o et NE RESTONS PAS SILENCIEUX FACE A CETTE COALITION MAUDITE !!<\/p>\n<p style=\"text-align: justify;\">\n<\/div>\n<p><iframe loading=\"lazy\" src=\"https:\/\/www.youtube.com\/embed\/lrHE8HsMbzo\" width=\"560\" height=\"315\" frameborder=\"0\" allowfullscreen=\"allowfullscreen\"><\/iframe><\/p>\n","protected":false},"excerpt":{"rendered":"[VID\u00c9O CHOC] | \u00c2MES SENSIBLES S'ABSTENIR !!! Une petite fille y\u00e9m\u00e9nite pleure devant le corps de son p\u00e8re qui a \u00e9t\u00e9 tu\u00e9 par une frappe a\u00e9rienne de la coalition Arabo-US","protected":false},"author":2,"featured_media":0,"comment_status":"closed","ping_status":"open","sticky":false,"template":"","format":"standard","meta":[],"categories":[],"tags":[],"_links":{"self":[{"href":"https:\/\/www.lejournalduforkane.com\/index.php\/wp-json\/wp\/v2\/posts\/13424"}],"collection":[{"href":"https:\/\/www.lejournalduforkane.com\/index.php\/wp-json\/wp\/v2\/posts"}],"about":[{"href":"https:\/\/www.lejournalduforkane.com\/index.php\/wp-json\/wp\/v2\/types\/post"}],"author":[{"embeddable":true,"href":"https:\/\/www.lejournalduforkane.com\/index.php\/wp-json\/wp\/v2\/users\/2"}],"replies":[{"embeddable":true,"href":"https:\/\/www.lejournalduforkane.com\/index.php\/wp-json\/wp\/v2\/comments?post=13424"}],"version-history":[{"count":1,"href":"https:\/\/www.lejournalduforkane.com\/index.php\/wp-json\/wp\/v2\/posts\/13424\/revisions"}],"predecessor-version":[{"id":13428,"href":"https:\/\/www.lejournalduforkane.com\/index.php\/wp-json\/wp\/v2\/posts\/13424\/revisions\/13428"}],"wp:attachment":[{"href":"https:\/\/www.lejournalduforkane.com\/index.php\/wp-json\/wp\/v2\/media?parent=13424"}],"wp:term":[{"taxonomy":"category","embeddable":true,"href":"https:\/\/www.lejournalduforkane.com\/index.php\/wp-json\/wp\/v2\/categories?post=13424"},{"taxonomy":"post_tag","embeddable":true,"href":"https:\/\/www.lejournalduforkane.com\/index.php\/wp-json\/wp\/v2\/tags?post=13424"}],"curies":[{"name":"wp","href":"https:\/\/api.w.org\/{rel}","templated":true}]}}