
{"id":13426,"date":"2016-10-12T18:48:32","date_gmt":"2016-10-12T18:48:32","guid":{"rendered":"https:\/\/www.lejournalduforkane.com\/?p=13426"},"modified":"2016-10-12T18:49:09","modified_gmt":"2016-10-12T18:49:09","slug":"video-une-presentatrice-de-la-celebre-chaine-de-la-resistance-al-mayadeen-pleure-lorsquon-lui-annonce-la-nouvelle-de-lattaque-de-la-ceremonie-funebre-a-sanaa","status":"publish","type":"post","link":"https:\/\/www.lejournalduforkane.com\/index.php\/video-une-presentatrice-de-la-celebre-chaine-de-la-resistance-al-mayadeen-pleure-lorsquon-lui-annonce-la-nouvelle-de-lattaque-de-la-ceremonie-funebre-a-sanaa\/","title":{"rendered":"[Vid\u00e9o] | Une pr\u00e9sentatrice de la c\u00e9l\u00e8bre chaine de la R\u00e9sistance Al-Mayadeen pleure lorsqu&rsquo;on lui annonce la nouvelle de l&rsquo;attaque de la c\u00e9r\u00e9monie fun\u00e8bre \u00e0 Sanaa"},"content":{"rendered":"<p><!--more--><\/p>\n<p><iframe loading=\"lazy\" src=\"https:\/\/www.youtube.com\/embed\/J1FN56H8_EY\" width=\"560\" height=\"315\" frameborder=\"0\" allowfullscreen=\"allowfullscreen\"><\/iframe><\/p>\n","protected":false},"excerpt":{"rendered":"","protected":false},"author":2,"featured_media":0,"comment_status":"closed","ping_status":"open","sticky":false,"template":"","format":"standard","meta":[],"categories":[],"tags":[],"_links":{"self":[{"href":"https:\/\/www.lejournalduforkane.com\/index.php\/wp-json\/wp\/v2\/posts\/13426"}],"collection":[{"href":"https:\/\/www.lejournalduforkane.com\/index.php\/wp-json\/wp\/v2\/posts"}],"about":[{"href":"https:\/\/www.lejournalduforkane.com\/index.php\/wp-json\/wp\/v2\/types\/post"}],"author":[{"embeddable":true,"href":"https:\/\/www.lejournalduforkane.com\/index.php\/wp-json\/wp\/v2\/users\/2"}],"replies":[{"embeddable":true,"href":"https:\/\/www.lejournalduforkane.com\/index.php\/wp-json\/wp\/v2\/comments?post=13426"}],"version-history":[{"count":1,"href":"https:\/\/www.lejournalduforkane.com\/index.php\/wp-json\/wp\/v2\/posts\/13426\/revisions"}],"predecessor-version":[{"id":13429,"href":"https:\/\/www.lejournalduforkane.com\/index.php\/wp-json\/wp\/v2\/posts\/13426\/revisions\/13429"}],"wp:attachment":[{"href":"https:\/\/www.lejournalduforkane.com\/index.php\/wp-json\/wp\/v2\/media?parent=13426"}],"wp:term":[{"taxonomy":"category","embeddable":true,"href":"https:\/\/www.lejournalduforkane.com\/index.php\/wp-json\/wp\/v2\/categories?post=13426"},{"taxonomy":"post_tag","embeddable":true,"href":"https:\/\/www.lejournalduforkane.com\/index.php\/wp-json\/wp\/v2\/tags?post=13426"}],"curies":[{"name":"wp","href":"https:\/\/api.w.org\/{rel}","templated":true}]}}