
{"id":13441,"date":"2016-10-12T19:25:44","date_gmt":"2016-10-12T19:25:44","guid":{"rendered":"https:\/\/www.lejournalduforkane.com\/?p=13441"},"modified":"2016-10-12T19:25:44","modified_gmt":"2016-10-12T19:25:44","slug":"video-un-senateur-americain-cest-nous-qui-avons-lance-la-guerre-contre-al-houthi-au-yemen","status":"publish","type":"post","link":"https:\/\/www.lejournalduforkane.com\/index.php\/video-un-senateur-americain-cest-nous-qui-avons-lance-la-guerre-contre-al-houthi-au-yemen\/","title":{"rendered":"[Vid\u00e9o] | Un s\u00e9nateur am\u00e9ricain : \u00ab\u00a0C&rsquo;est nous qui avons lanc\u00e9 la guerre contre Al-Houthi (au Y\u00e9men)"},"content":{"rendered":"<p><!--more--><\/p>\n<p>[Vid\u00e9o] | Un s\u00e9nateur am\u00e9ricain : \u00ab\u00a0C&rsquo;est nous qui avons lanc\u00e9 la guerre contre Al-Houthi (au Y\u00e9men), les Saouds ne peuvent rien faire, sans nous en informer<br \/>\n<iframe loading=\"lazy\" src=\"https:\/\/www.youtube.com\/embed\/s5_-gsLDf7Q\" width=\"560\" height=\"315\" frameborder=\"0\" allowfullscreen=\"allowfullscreen\"><\/iframe><\/p>\n","protected":false},"excerpt":{"rendered":"[Vid\u00e9o] | Un s\u00e9nateur am\u00e9ricain : \"C'est nous qui avons lanc\u00e9 la guerre contre Al-Houthi (au Y\u00e9men), les Saouds ne peuvent rien faire, sans nous en informer","protected":false},"author":2,"featured_media":0,"comment_status":"closed","ping_status":"open","sticky":false,"template":"","format":"standard","meta":[],"categories":[],"tags":[],"_links":{"self":[{"href":"https:\/\/www.lejournalduforkane.com\/index.php\/wp-json\/wp\/v2\/posts\/13441"}],"collection":[{"href":"https:\/\/www.lejournalduforkane.com\/index.php\/wp-json\/wp\/v2\/posts"}],"about":[{"href":"https:\/\/www.lejournalduforkane.com\/index.php\/wp-json\/wp\/v2\/types\/post"}],"author":[{"embeddable":true,"href":"https:\/\/www.lejournalduforkane.com\/index.php\/wp-json\/wp\/v2\/users\/2"}],"replies":[{"embeddable":true,"href":"https:\/\/www.lejournalduforkane.com\/index.php\/wp-json\/wp\/v2\/comments?post=13441"}],"version-history":[{"count":1,"href":"https:\/\/www.lejournalduforkane.com\/index.php\/wp-json\/wp\/v2\/posts\/13441\/revisions"}],"predecessor-version":[{"id":13443,"href":"https:\/\/www.lejournalduforkane.com\/index.php\/wp-json\/wp\/v2\/posts\/13441\/revisions\/13443"}],"wp:attachment":[{"href":"https:\/\/www.lejournalduforkane.com\/index.php\/wp-json\/wp\/v2\/media?parent=13441"}],"wp:term":[{"taxonomy":"category","embeddable":true,"href":"https:\/\/www.lejournalduforkane.com\/index.php\/wp-json\/wp\/v2\/categories?post=13441"},{"taxonomy":"post_tag","embeddable":true,"href":"https:\/\/www.lejournalduforkane.com\/index.php\/wp-json\/wp\/v2\/tags?post=13441"}],"curies":[{"name":"wp","href":"https:\/\/api.w.org\/{rel}","templated":true}]}}