
{"id":13478,"date":"2016-10-21T08:55:45","date_gmt":"2016-10-21T08:55:45","guid":{"rendered":"https:\/\/www.lejournalduforkane.com\/?p=13478"},"modified":"2016-10-21T08:55:45","modified_gmt":"2016-10-21T08:55:45","slug":"video-daesh-attaque-kerkouk-16-morts","status":"publish","type":"post","link":"https:\/\/www.lejournalduforkane.com\/index.php\/video-daesh-attaque-kerkouk-16-morts\/","title":{"rendered":"[VIDEO] Daesh attaque Kerkouk: 16 morts"},"content":{"rendered":"<p style=\"text-align: justify;\"><!--more--><\/p>\n<p style=\"text-align: justify;\">Selon les sources militaires irakienne, des hommes v\u00eatus de gilets d&rsquo;explosifs ont attaqu\u00e9 les b\u00e2timents gouvernementaux, dont l\u2019h\u00f4tel de police et un centrale \u00e9lectrique en construction.<\/p>\n<p style=\"text-align: justify;\">Les forces arm\u00e9es irakiennes ont peut repousser l&rsquo;assaut des terroristes de daesh. 3 terroristes se sont fait exploser dans la centrale \u00e9lectrique en construction par une entreprise iranienne. Le bilan est de 16 morts: 12 irakiens et 4 techniciens iraniens.<\/p>\n<p>Malheurs aux ignorants! Mort au salafistes!<br \/>\n<iframe loading=\"lazy\" src=\"https:\/\/www.youtube.com\/embed\/hlxi0AIu_qs\" width=\"560\" height=\"315\" frameborder=\"0\" allowfullscreen=\"allowfullscreen\"><\/iframe><\/p>\n","protected":false},"excerpt":{"rendered":"Selon les sources militaires irakienne, des hommes v\u00eatus de gilets d'explosifs ont attaqu\u00e9 les b\u00e2timents gouvernementaux, dont l\u2019h\u00f4tel de police et un centrale \u00e9lectrique en construction. Les forces arm\u00e9es irakiennes","protected":false},"author":2,"featured_media":0,"comment_status":"closed","ping_status":"open","sticky":false,"template":"","format":"standard","meta":[],"categories":[],"tags":[],"_links":{"self":[{"href":"https:\/\/www.lejournalduforkane.com\/index.php\/wp-json\/wp\/v2\/posts\/13478"}],"collection":[{"href":"https:\/\/www.lejournalduforkane.com\/index.php\/wp-json\/wp\/v2\/posts"}],"about":[{"href":"https:\/\/www.lejournalduforkane.com\/index.php\/wp-json\/wp\/v2\/types\/post"}],"author":[{"embeddable":true,"href":"https:\/\/www.lejournalduforkane.com\/index.php\/wp-json\/wp\/v2\/users\/2"}],"replies":[{"embeddable":true,"href":"https:\/\/www.lejournalduforkane.com\/index.php\/wp-json\/wp\/v2\/comments?post=13478"}],"version-history":[{"count":1,"href":"https:\/\/www.lejournalduforkane.com\/index.php\/wp-json\/wp\/v2\/posts\/13478\/revisions"}],"predecessor-version":[{"id":13480,"href":"https:\/\/www.lejournalduforkane.com\/index.php\/wp-json\/wp\/v2\/posts\/13478\/revisions\/13480"}],"wp:attachment":[{"href":"https:\/\/www.lejournalduforkane.com\/index.php\/wp-json\/wp\/v2\/media?parent=13478"}],"wp:term":[{"taxonomy":"category","embeddable":true,"href":"https:\/\/www.lejournalduforkane.com\/index.php\/wp-json\/wp\/v2\/categories?post=13478"},{"taxonomy":"post_tag","embeddable":true,"href":"https:\/\/www.lejournalduforkane.com\/index.php\/wp-json\/wp\/v2\/tags?post=13478"}],"curies":[{"name":"wp","href":"https:\/\/api.w.org\/{rel}","templated":true}]}}