
{"id":13487,"date":"2016-10-22T17:02:08","date_gmt":"2016-10-22T17:02:08","guid":{"rendered":"https:\/\/www.lejournalduforkane.com\/?p=13487"},"modified":"2016-10-22T17:02:08","modified_gmt":"2016-10-22T17:02:08","slug":"des-images-des-soldats-irakiens-qui-viennent-en-aide-aux-civils-des-villages-qui-ont-liberes-au-sud-de-mossoul","status":"publish","type":"post","link":"https:\/\/www.lejournalduforkane.com\/index.php\/des-images-des-soldats-irakiens-qui-viennent-en-aide-aux-civils-des-villages-qui-ont-liberes-au-sud-de-mossoul\/","title":{"rendered":"Des images des soldats irakiens qui viennent en aide aux civils des villages qui ont lib\u00e9r\u00e9s au sud de Mossoul"},"content":{"rendered":"<p style=\"text-align: justify;\"><!--more--><\/p>\n<p style=\"text-align: justify;\">Ne vous laissez pas berner par les cha\u00eenes pro-sionistes que sont Al Jazeera, Al Arabiya, CNN, BBC qui font croire aux t\u00e9l\u00e9spectateurs que l&rsquo;Arm\u00e9e Irakienne et la mobilisation populaire maltraitent la population civile<\/p>\n<p><iframe loading=\"lazy\" src=\"https:\/\/www.youtube.com\/embed\/6OGTII3Z9Ow\" width=\"560\" height=\"315\" frameborder=\"0\" allowfullscreen=\"allowfullscreen\"><\/iframe><\/p>\n","protected":false},"excerpt":{"rendered":"Ne vous laissez pas berner par les cha\u00eenes pro-sionistes que sont Al Jazeera, Al Arabiya, CNN, BBC qui font croire aux t\u00e9l\u00e9spectateurs que l'Arm\u00e9e Irakienne et la mobilisation populaire maltraitent","protected":false},"author":2,"featured_media":0,"comment_status":"closed","ping_status":"open","sticky":false,"template":"","format":"standard","meta":[],"categories":[],"tags":[],"_links":{"self":[{"href":"https:\/\/www.lejournalduforkane.com\/index.php\/wp-json\/wp\/v2\/posts\/13487"}],"collection":[{"href":"https:\/\/www.lejournalduforkane.com\/index.php\/wp-json\/wp\/v2\/posts"}],"about":[{"href":"https:\/\/www.lejournalduforkane.com\/index.php\/wp-json\/wp\/v2\/types\/post"}],"author":[{"embeddable":true,"href":"https:\/\/www.lejournalduforkane.com\/index.php\/wp-json\/wp\/v2\/users\/2"}],"replies":[{"embeddable":true,"href":"https:\/\/www.lejournalduforkane.com\/index.php\/wp-json\/wp\/v2\/comments?post=13487"}],"version-history":[{"count":1,"href":"https:\/\/www.lejournalduforkane.com\/index.php\/wp-json\/wp\/v2\/posts\/13487\/revisions"}],"predecessor-version":[{"id":13489,"href":"https:\/\/www.lejournalduforkane.com\/index.php\/wp-json\/wp\/v2\/posts\/13487\/revisions\/13489"}],"wp:attachment":[{"href":"https:\/\/www.lejournalduforkane.com\/index.php\/wp-json\/wp\/v2\/media?parent=13487"}],"wp:term":[{"taxonomy":"category","embeddable":true,"href":"https:\/\/www.lejournalduforkane.com\/index.php\/wp-json\/wp\/v2\/categories?post=13487"},{"taxonomy":"post_tag","embeddable":true,"href":"https:\/\/www.lejournalduforkane.com\/index.php\/wp-json\/wp\/v2\/tags?post=13487"}],"curies":[{"name":"wp","href":"https:\/\/api.w.org\/{rel}","templated":true}]}}