
{"id":13516,"date":"2016-10-23T19:09:43","date_gmt":"2016-10-23T19:09:43","guid":{"rendered":"https:\/\/www.lejournalduforkane.com\/?p=13516"},"modified":"2016-10-23T19:10:23","modified_gmt":"2016-10-23T19:10:23","slug":"regarder-la-video-une-journaliste-de-la-television-israelienne-avec-les-forces-peshmergas-a-la-frontiere-de-mossoul","status":"publish","type":"post","link":"https:\/\/www.lejournalduforkane.com\/index.php\/regarder-la-video-une-journaliste-de-la-television-israelienne-avec-les-forces-peshmergas-a-la-frontiere-de-mossoul\/","title":{"rendered":"Regarder la vid\u00e9o.. Une journaliste de la t\u00e9l\u00e9vision isra\u00e9lienne avec les forces peshmergas \u00e0 la fronti\u00e8re de Mossoul !"},"content":{"rendered":"<p><!--more--><\/p>\n<p>&nbsp;<br \/>\n<iframe loading=\"lazy\" width=\"560\" height=\"315\" src=\"https:\/\/www.youtube.com\/embed\/s81RBoijphA\" frameborder=\"0\" allowfullscreen><\/iframe><\/p>\n","protected":false},"excerpt":{"rendered":"&nbsp;","protected":false},"author":2,"featured_media":0,"comment_status":"closed","ping_status":"open","sticky":false,"template":"","format":"standard","meta":[],"categories":[],"tags":[],"_links":{"self":[{"href":"https:\/\/www.lejournalduforkane.com\/index.php\/wp-json\/wp\/v2\/posts\/13516"}],"collection":[{"href":"https:\/\/www.lejournalduforkane.com\/index.php\/wp-json\/wp\/v2\/posts"}],"about":[{"href":"https:\/\/www.lejournalduforkane.com\/index.php\/wp-json\/wp\/v2\/types\/post"}],"author":[{"embeddable":true,"href":"https:\/\/www.lejournalduforkane.com\/index.php\/wp-json\/wp\/v2\/users\/2"}],"replies":[{"embeddable":true,"href":"https:\/\/www.lejournalduforkane.com\/index.php\/wp-json\/wp\/v2\/comments?post=13516"}],"version-history":[{"count":1,"href":"https:\/\/www.lejournalduforkane.com\/index.php\/wp-json\/wp\/v2\/posts\/13516\/revisions"}],"predecessor-version":[{"id":13518,"href":"https:\/\/www.lejournalduforkane.com\/index.php\/wp-json\/wp\/v2\/posts\/13516\/revisions\/13518"}],"wp:attachment":[{"href":"https:\/\/www.lejournalduforkane.com\/index.php\/wp-json\/wp\/v2\/media?parent=13516"}],"wp:term":[{"taxonomy":"category","embeddable":true,"href":"https:\/\/www.lejournalduforkane.com\/index.php\/wp-json\/wp\/v2\/categories?post=13516"},{"taxonomy":"post_tag","embeddable":true,"href":"https:\/\/www.lejournalduforkane.com\/index.php\/wp-json\/wp\/v2\/tags?post=13516"}],"curies":[{"name":"wp","href":"https:\/\/api.w.org\/{rel}","templated":true}]}}