
{"id":13586,"date":"2016-10-30T20:06:37","date_gmt":"2016-10-30T20:06:37","guid":{"rendered":"https:\/\/www.lejournalduforkane.com\/?p=13586"},"modified":"2016-10-30T20:06:37","modified_gmt":"2016-10-30T20:06:37","slug":"video-daesh-detruit-les-eglises-et-saccage-les-cimetieres-dans-la-plaine-de-naynawa-irak","status":"publish","type":"post","link":"https:\/\/www.lejournalduforkane.com\/index.php\/video-daesh-detruit-les-eglises-et-saccage-les-cimetieres-dans-la-plaine-de-naynawa-irak\/","title":{"rendered":"[Vid\u00e9o] | Daesh d\u00e9truit les \u00e9glises et saccage les cimeti\u00e8res dans la plaine de Naynawa (Irak)"},"content":{"rendered":"<p><!--more--><\/p>\n<div id=\"js_1w\" class=\"_5pbx userContent\" data-ft=\"{&quot;tn&quot;:&quot;K&quot;}\">\n<p style=\"text-align: justify;\">C\u2019est une habitude chez les salafistes wahhabites de Daesh de d\u00e9truire tous les mausol\u00e9es, \u00e9glises, lieux saints et tombeaux des Musulmans et des Chr\u00e9tiens des villes et r\u00e9gions qu\u2019ils dominent.<\/p>\n<p style=\"text-align: justify;\"><strong>CES TERRORISTES SALAFISTES WAHHABITES NE SONT DONC PAS MUSULMANS. S\u2019 ILS L\u2019\u00c9TAIENT ILS NE D\u00c9TRUIRAIENT PAS LES \u00c9GLISES. ILS NE SERVENT QUE LES INT\u00c9R\u00caTS DE LEURS MA\u00ceTRES SIONISTES QUI CHERCHENT A OCCUPER ET A ESCLAVAGISER LES MUSULMANS. L\u2019HEURE EST PROCHE, DONC LE FORKANE EST PROCHE<\/strong><\/p>\n<p>\u00a0<iframe loading=\"lazy\" src=\"https:\/\/www.youtube.com\/embed\/uEUmBAShljE\" width=\"560\" height=\"315\" frameborder=\"0\" allowfullscreen=\"allowfullscreen\"><\/iframe><\/p>\n<\/div>\n","protected":false},"excerpt":{"rendered":"C\u2019est une habitude chez les salafistes wahhabites de Daesh de d\u00e9truire tous les mausol\u00e9es, \u00e9glises, lieux saints et tombeaux des Musulmans et des Chr\u00e9tiens des villes et r\u00e9gions qu\u2019ils dominent.","protected":false},"author":2,"featured_media":0,"comment_status":"closed","ping_status":"open","sticky":false,"template":"","format":"standard","meta":[],"categories":[],"tags":[],"_links":{"self":[{"href":"https:\/\/www.lejournalduforkane.com\/index.php\/wp-json\/wp\/v2\/posts\/13586"}],"collection":[{"href":"https:\/\/www.lejournalduforkane.com\/index.php\/wp-json\/wp\/v2\/posts"}],"about":[{"href":"https:\/\/www.lejournalduforkane.com\/index.php\/wp-json\/wp\/v2\/types\/post"}],"author":[{"embeddable":true,"href":"https:\/\/www.lejournalduforkane.com\/index.php\/wp-json\/wp\/v2\/users\/2"}],"replies":[{"embeddable":true,"href":"https:\/\/www.lejournalduforkane.com\/index.php\/wp-json\/wp\/v2\/comments?post=13586"}],"version-history":[{"count":1,"href":"https:\/\/www.lejournalduforkane.com\/index.php\/wp-json\/wp\/v2\/posts\/13586\/revisions"}],"predecessor-version":[{"id":13588,"href":"https:\/\/www.lejournalduforkane.com\/index.php\/wp-json\/wp\/v2\/posts\/13586\/revisions\/13588"}],"wp:attachment":[{"href":"https:\/\/www.lejournalduforkane.com\/index.php\/wp-json\/wp\/v2\/media?parent=13586"}],"wp:term":[{"taxonomy":"category","embeddable":true,"href":"https:\/\/www.lejournalduforkane.com\/index.php\/wp-json\/wp\/v2\/categories?post=13586"},{"taxonomy":"post_tag","embeddable":true,"href":"https:\/\/www.lejournalduforkane.com\/index.php\/wp-json\/wp\/v2\/tags?post=13586"}],"curies":[{"name":"wp","href":"https:\/\/api.w.org\/{rel}","templated":true}]}}