
{"id":13590,"date":"2016-11-01T07:16:48","date_gmt":"2016-11-01T07:16:48","guid":{"rendered":"https:\/\/www.lejournalduforkane.com\/?p=13590"},"modified":"2016-11-01T07:16:48","modified_gmt":"2016-11-01T07:16:48","slug":"video-70-terroristes-salafistes-de-daesh-abattus-par-larmee-arabe-syrienne-a-deraa","status":"publish","type":"post","link":"https:\/\/www.lejournalduforkane.com\/index.php\/video-70-terroristes-salafistes-de-daesh-abattus-par-larmee-arabe-syrienne-a-deraa\/","title":{"rendered":"[Vid\u00e9o] | 70 terroristes salafistes de Daesh abattus par l&rsquo;Arm\u00e9e Arabe Syrienne \u00e0 Deraa"},"content":{"rendered":"<p><!--more--><\/p>\n<div id=\"js_11\" class=\"_5pbx userContent\" data-ft=\"{&quot;tn&quot;:&quot;K&quot;}\">\n<p>MORT AUX SALAFISTES<\/p>\n<\/div>\n<p><iframe loading=\"lazy\" src=\"https:\/\/www.youtube.com\/embed\/wnoDvedCe4M\" width=\"560\" height=\"315\" frameborder=\"0\" allowfullscreen=\"allowfullscreen\"><\/iframe><\/p>\n","protected":false},"excerpt":{"rendered":"MORT AUX SALAFISTES","protected":false},"author":2,"featured_media":0,"comment_status":"closed","ping_status":"open","sticky":false,"template":"","format":"standard","meta":[],"categories":[],"tags":[],"_links":{"self":[{"href":"https:\/\/www.lejournalduforkane.com\/index.php\/wp-json\/wp\/v2\/posts\/13590"}],"collection":[{"href":"https:\/\/www.lejournalduforkane.com\/index.php\/wp-json\/wp\/v2\/posts"}],"about":[{"href":"https:\/\/www.lejournalduforkane.com\/index.php\/wp-json\/wp\/v2\/types\/post"}],"author":[{"embeddable":true,"href":"https:\/\/www.lejournalduforkane.com\/index.php\/wp-json\/wp\/v2\/users\/2"}],"replies":[{"embeddable":true,"href":"https:\/\/www.lejournalduforkane.com\/index.php\/wp-json\/wp\/v2\/comments?post=13590"}],"version-history":[{"count":1,"href":"https:\/\/www.lejournalduforkane.com\/index.php\/wp-json\/wp\/v2\/posts\/13590\/revisions"}],"predecessor-version":[{"id":13592,"href":"https:\/\/www.lejournalduforkane.com\/index.php\/wp-json\/wp\/v2\/posts\/13590\/revisions\/13592"}],"wp:attachment":[{"href":"https:\/\/www.lejournalduforkane.com\/index.php\/wp-json\/wp\/v2\/media?parent=13590"}],"wp:term":[{"taxonomy":"category","embeddable":true,"href":"https:\/\/www.lejournalduforkane.com\/index.php\/wp-json\/wp\/v2\/categories?post=13590"},{"taxonomy":"post_tag","embeddable":true,"href":"https:\/\/www.lejournalduforkane.com\/index.php\/wp-json\/wp\/v2\/tags?post=13590"}],"curies":[{"name":"wp","href":"https:\/\/api.w.org\/{rel}","templated":true}]}}