
{"id":13625,"date":"2016-11-02T19:45:17","date_gmt":"2016-11-02T19:45:17","guid":{"rendered":"https:\/\/www.lejournalduforkane.com\/?p=13625"},"modified":"2016-11-02T19:50:25","modified_gmt":"2016-11-02T19:50:25","slug":"video-abou-azrael-le-grand-resistant-irakien-denonce-la-traitrise-decertainestribus","status":"publish","type":"post","link":"https:\/\/www.lejournalduforkane.com\/index.php\/video-abou-azrael-le-grand-resistant-irakien-denonce-la-traitrise-decertainestribus\/","title":{"rendered":"[Vid\u00e9o] | Abou Azrael, le grand R\u00e9sistant irakien d\u00e9nonce la traitrise de certaines tribus"},"content":{"rendered":"<p><!--more--><\/p>\n<p><span class=\"_5yl5\">[Vid\u00e9o] | Abou Azrael, le grand R\u00e9sistant irakien d\u00e9nonce la traitrise de certaines tribus, et la traitrise am\u00e9ricaine qui brouille les communications des combattants de la Mobilisation Populaire pendant les combats contre les terroristes de Daesh \u00e0 Naynawa<\/span><br \/>\n<iframe loading=\"lazy\" src=\"https:\/\/www.youtube.com\/embed\/x_piIJFEXR0\" width=\"560\" height=\"315\" frameborder=\"0\" allowfullscreen=\"allowfullscreen\"><\/iframe><\/p>\n","protected":false},"excerpt":{"rendered":"[Vid\u00e9o] | Abou Azrael, le grand R\u00e9sistant irakien d\u00e9nonce la traitrise de certaines tribus, et la traitrise am\u00e9ricaine qui brouille les communications des combattants de la Mobilisation Populaire pendant les","protected":false},"author":2,"featured_media":0,"comment_status":"closed","ping_status":"open","sticky":false,"template":"","format":"standard","meta":[],"categories":[],"tags":[],"_links":{"self":[{"href":"https:\/\/www.lejournalduforkane.com\/index.php\/wp-json\/wp\/v2\/posts\/13625"}],"collection":[{"href":"https:\/\/www.lejournalduforkane.com\/index.php\/wp-json\/wp\/v2\/posts"}],"about":[{"href":"https:\/\/www.lejournalduforkane.com\/index.php\/wp-json\/wp\/v2\/types\/post"}],"author":[{"embeddable":true,"href":"https:\/\/www.lejournalduforkane.com\/index.php\/wp-json\/wp\/v2\/users\/2"}],"replies":[{"embeddable":true,"href":"https:\/\/www.lejournalduforkane.com\/index.php\/wp-json\/wp\/v2\/comments?post=13625"}],"version-history":[{"count":1,"href":"https:\/\/www.lejournalduforkane.com\/index.php\/wp-json\/wp\/v2\/posts\/13625\/revisions"}],"predecessor-version":[{"id":13627,"href":"https:\/\/www.lejournalduforkane.com\/index.php\/wp-json\/wp\/v2\/posts\/13625\/revisions\/13627"}],"wp:attachment":[{"href":"https:\/\/www.lejournalduforkane.com\/index.php\/wp-json\/wp\/v2\/media?parent=13625"}],"wp:term":[{"taxonomy":"category","embeddable":true,"href":"https:\/\/www.lejournalduforkane.com\/index.php\/wp-json\/wp\/v2\/categories?post=13625"},{"taxonomy":"post_tag","embeddable":true,"href":"https:\/\/www.lejournalduforkane.com\/index.php\/wp-json\/wp\/v2\/tags?post=13625"}],"curies":[{"name":"wp","href":"https:\/\/api.w.org\/{rel}","templated":true}]}}