
{"id":1381,"date":"2015-04-19T12:14:20","date_gmt":"2015-04-19T12:14:20","guid":{"rendered":"https:\/\/www.lejournalduforkane.com\/?p=1381"},"modified":"2019-01-16T19:20:45","modified_gmt":"2019-01-16T19:20:45","slug":"avec-la-resistance-afghane","status":"publish","type":"post","link":"https:\/\/www.lejournalduforkane.com\/index.php\/avec-la-resistance-afghane\/","title":{"rendered":"Avec la r\u00e9sistance afghane"},"content":{"rendered":"<p style=\"text-align: justify;\">Cela fait 10 ans que les Afghans se battent contre les USA et la coalition qu\u2019ils entra\u00eenent avec eux.<!--more--> Les Am\u00e9ricains sont 113000 et les g\u00e9n\u00e9raux demandent 40000 hommes de plus. En cette ann\u00e9e ils comptent augmenter les effectifs de l\u2019arm\u00e9e et de la police afghane, soit 300000 hommes. Il s\u2019agit il est clair de faire le travail par les Afghans. Comme si cela ne suffisait pas, ils demandent au Pakistan voisin de combattre les Afghans aux c\u00f4t\u00e9s de la coalition. Ils veulent entra\u00eener le Pakistan dans le <a href=\"http:\/\/158.255.2.50\/wp-content\/uploads\/2012\/10\/pacht.jpg\"><img loading=\"lazy\" class=\"alignleft  wp-image-1382\" title=\"pacht\" src=\"http:\/\/158.255.2.50\/wp-content\/uploads\/2012\/10\/pacht-150x150.jpg\" alt=\"\" width=\"244\" height=\"244\" \/><\/a>bourbier afghan. Devant le refus des pakistanais, les USA demandent d\u2019entrer au Pakistan pour d\u00e9loger les \u00ab\u00a0talibans\u00a0\u00bb.<\/p>\n<p style=\"text-align: justify;\">Le massacre des civils afghans par la coalition ou au Pakistan par les drones, visent \u00e0 donner une vision chaotique de la situation. Le pr\u00e9sident afghan Karza\u00ef d\u00e9nonce r\u00e9guli\u00e8rement les massacres. Les USA prennent contact avec les \u00ab\u00a0talibans\u00a0\u00bb d\u2019apr\u00e8s ce qu\u2019ils disent. Mais les combattants de la foi continuent de d\u00e9truire les convois ravitailleurs en essence pour l\u2019OTAN. Ces convois passent par le Pakistan pour aller en Afghanistan. C\u2019est une pression exerc\u00e9e sur les Pakistanais pour les impliquer dans le conflit.<\/p>\n<p style=\"text-align: justify;\">Mais il faut encore des soldats. La France et l\u2019Italie se sont concert\u00e9es pour former des chasseurs alpins pour combattre dans les montagnes afghanes. M\u00eame les Russes sont de retour, timidement certes. Alors que les soldats connaissent de plus en plus de probl\u00e8mes psychologiques et les suicides augmentent. Cette guerre engloutie des milliards de dollars alors que les USA et leurs alli\u00e9s sont frapp\u00e9s par la crise. Pourquoi cet acharnement\u00a0? Certainement pas pour lutter contre le terrorisme (il peut tr\u00e8s bien se d\u00e9placer vers d\u2019autres lieux), pour exploiter certains minerais qui feraient de l\u2019Afghanistan comme l\u2019Arabie est pour le p\u00e9trole (les USA n\u2019ont pas besoin de s\u2019installer militairement pour exploiter les ressources des autres pays)\u2026\u00a0 Il n\u2019y a pas de lutte antiterroriste en Irak.<\/p>\n<p style=\"text-align: justify;\">En fait, les sionistes qui veulent d\u00e9truire l\u2019Iran avec l\u2019Irak et l\u2019Afghanistan, prennent en \u00e9tau ce pays. Les puissances n\u2019avaient pas pr\u00e9vu une telle r\u00e9sistance, c\u2019est tout le peuple qui combat un peu partout. On parle de \u00ab\u00a0talibans\u00a0\u00bb pour les discr\u00e9diter \u00e0 cause de l\u2019Islam r\u00e9trograde. En 2001, ils n\u2019ont pas fait long feu.<\/p>\n<p>&nbsp;<\/p>\n<p align=\"center\"><strong>Al Mahdi fera des terres occup\u00e9es, de vastes cimeti\u00e8res pour ceux qui ont ignor\u00e9 qu\u2019en ce bas monde aussi, il y a un Dieu<\/strong><\/p>\n","protected":false},"excerpt":{"rendered":"<p>Cela fait 10 ans que les Afghans se battent contre les USA et la coalition qu\u2019ils entra\u00eenent avec eux.<\/p>\n","protected":false},"author":2,"featured_media":0,"comment_status":"open","ping_status":"closed","sticky":false,"template":"","format":"standard","meta":[],"categories":[],"tags":[],"_links":{"self":[{"href":"https:\/\/www.lejournalduforkane.com\/index.php\/wp-json\/wp\/v2\/posts\/1381"}],"collection":[{"href":"https:\/\/www.lejournalduforkane.com\/index.php\/wp-json\/wp\/v2\/posts"}],"about":[{"href":"https:\/\/www.lejournalduforkane.com\/index.php\/wp-json\/wp\/v2\/types\/post"}],"author":[{"embeddable":true,"href":"https:\/\/www.lejournalduforkane.com\/index.php\/wp-json\/wp\/v2\/users\/2"}],"replies":[{"embeddable":true,"href":"https:\/\/www.lejournalduforkane.com\/index.php\/wp-json\/wp\/v2\/comments?post=1381"}],"version-history":[{"count":1,"href":"https:\/\/www.lejournalduforkane.com\/index.php\/wp-json\/wp\/v2\/posts\/1381\/revisions"}],"predecessor-version":[{"id":21918,"href":"https:\/\/www.lejournalduforkane.com\/index.php\/wp-json\/wp\/v2\/posts\/1381\/revisions\/21918"}],"wp:attachment":[{"href":"https:\/\/www.lejournalduforkane.com\/index.php\/wp-json\/wp\/v2\/media?parent=1381"}],"wp:term":[{"taxonomy":"category","embeddable":true,"href":"https:\/\/www.lejournalduforkane.com\/index.php\/wp-json\/wp\/v2\/categories?post=1381"},{"taxonomy":"post_tag","embeddable":true,"href":"https:\/\/www.lejournalduforkane.com\/index.php\/wp-json\/wp\/v2\/tags?post=1381"}],"curies":[{"name":"wp","href":"https:\/\/api.w.org\/{rel}","templated":true}]}}