
{"id":13857,"date":"2016-11-11T14:42:07","date_gmt":"2016-11-11T14:42:07","guid":{"rendered":"https:\/\/www.lejournalduforkane.com\/?p=13857"},"modified":"2016-11-11T14:42:07","modified_gmt":"2016-11-11T14:42:07","slug":"video-les-forces-irakiennes-decouvrent-une-fosse-commune-dans-une-localite-reprise-a-daesh-pres-de-mossoul","status":"publish","type":"post","link":"https:\/\/www.lejournalduforkane.com\/index.php\/video-les-forces-irakiennes-decouvrent-une-fosse-commune-dans-une-localite-reprise-a-daesh-pres-de-mossoul\/","title":{"rendered":"[Vid\u00e9o] |Les forces irakiennes d\u00e9couvrent une fosse commune dans une localit\u00e9 reprise \u00e0 Daesh pr\u00e8s de Mossoul"},"content":{"rendered":"<p style=\"text-align: justify;\"><!--more--><\/p>\n<div id=\"js_3p\" class=\"_5pbx userContent\" data-ft=\"{&quot;tn&quot;:&quot;K&quot;}\">\n<p style=\"text-align: justify;\">[Vid\u00e9o] | ATTENTION \u00c2MES SENSIBLES S&rsquo;ABSTENIR !!! Les forces irakiennes d\u00e9couvrent une fosse commune dans une localit\u00e9 reprise \u00e0 Daesh pr\u00e8s de Mossoul<\/p>\n<p style=\"text-align: justify;\">Des cadavres sans t\u00eates.. des poup\u00e9es pour enfants \u00e0 Hamam al-Alil (sud de Mossoul)<\/p>\n<p style=\"text-align: justify;\">\n<\/div>\n<p><iframe loading=\"lazy\" src=\"https:\/\/www.youtube.com\/embed\/93szHC-nuvk\" width=\"560\" height=\"315\" frameborder=\"0\" allowfullscreen=\"allowfullscreen\"><\/iframe><\/p>\n","protected":false},"excerpt":{"rendered":"[Vid\u00e9o] | ATTENTION \u00c2MES SENSIBLES S'ABSTENIR !!! Les forces irakiennes d\u00e9couvrent une fosse commune dans une localit\u00e9 reprise \u00e0 Daesh pr\u00e8s de Mossoul Des cadavres sans t\u00eates.. des poup\u00e9es pour","protected":false},"author":2,"featured_media":0,"comment_status":"closed","ping_status":"open","sticky":false,"template":"","format":"standard","meta":[],"categories":[],"tags":[],"_links":{"self":[{"href":"https:\/\/www.lejournalduforkane.com\/index.php\/wp-json\/wp\/v2\/posts\/13857"}],"collection":[{"href":"https:\/\/www.lejournalduforkane.com\/index.php\/wp-json\/wp\/v2\/posts"}],"about":[{"href":"https:\/\/www.lejournalduforkane.com\/index.php\/wp-json\/wp\/v2\/types\/post"}],"author":[{"embeddable":true,"href":"https:\/\/www.lejournalduforkane.com\/index.php\/wp-json\/wp\/v2\/users\/2"}],"replies":[{"embeddable":true,"href":"https:\/\/www.lejournalduforkane.com\/index.php\/wp-json\/wp\/v2\/comments?post=13857"}],"version-history":[{"count":1,"href":"https:\/\/www.lejournalduforkane.com\/index.php\/wp-json\/wp\/v2\/posts\/13857\/revisions"}],"predecessor-version":[{"id":13859,"href":"https:\/\/www.lejournalduforkane.com\/index.php\/wp-json\/wp\/v2\/posts\/13857\/revisions\/13859"}],"wp:attachment":[{"href":"https:\/\/www.lejournalduforkane.com\/index.php\/wp-json\/wp\/v2\/media?parent=13857"}],"wp:term":[{"taxonomy":"category","embeddable":true,"href":"https:\/\/www.lejournalduforkane.com\/index.php\/wp-json\/wp\/v2\/categories?post=13857"},{"taxonomy":"post_tag","embeddable":true,"href":"https:\/\/www.lejournalduforkane.com\/index.php\/wp-json\/wp\/v2\/tags?post=13857"}],"curies":[{"name":"wp","href":"https:\/\/api.w.org\/{rel}","templated":true}]}}