
{"id":13869,"date":"2016-11-13T14:19:05","date_gmt":"2016-11-13T14:19:05","guid":{"rendered":"https:\/\/www.lejournalduforkane.com\/?p=13869"},"modified":"2016-11-13T14:33:29","modified_gmt":"2016-11-13T14:33:29","slug":"video-francois-fillon-denonce-larabie-saoudite-et-le-wahhabisme1","status":"publish","type":"post","link":"https:\/\/www.lejournalduforkane.com\/index.php\/video-francois-fillon-denonce-larabie-saoudite-et-le-wahhabisme1\/","title":{"rendered":"[Vid\u00e9o] | Fran\u00e7ois Fillon d\u00e9nonce l&rsquo;Arabie Saoudite et le wahhabisme"},"content":{"rendered":"<p><!--more--><\/p>\n<div id=\"js_1yt\" class=\"_5pbx userContent\" data-ft=\"{&quot;tn&quot;:&quot;K&quot;}\">\n<p style=\"text-align: justify;\">\u00a0\u00bb Le wahhabisme est \u00e0 l&rsquo;origine pour une large part de la situation que nous connaissons aujourd&rsquo;hui \u00ab\u00a0&#8230;<\/p>\n<p style=\"text-align: justify;\">Regardez la sioniste Ruth Elkrief, elle n\u2019arr\u00eate pas de le couper, elle ne le laisse pas continuer \u00e0 argumenter ses propos !<\/p>\n<\/div>\n<p><iframe loading=\"lazy\" src=\"https:\/\/www.youtube.com\/embed\/-J10FrOdMfI\" width=\"560\" height=\"315\" frameborder=\"0\" allowfullscreen=\"allowfullscreen\"><\/iframe><\/p>\n<p><img loading=\"lazy\" class=\"alignnone size-medium wp-image-13870\" src=\"https:\/\/www.lejournalduforkane.com\/wp-content\/uploads\/2016\/11\/fillon-d\u00e9nonce-le-salafisme-300x170.png\" alt=\"fillon d\u00e9nonce le salafisme\" width=\"300\" height=\"170\" srcset=\"https:\/\/www.lejournalduforkane.com\/wp-content\/uploads\/2016\/11\/fillon-d\u00e9nonce-le-salafisme-300x170.png 300w, https:\/\/www.lejournalduforkane.com\/wp-content\/uploads\/2016\/11\/fillon-d\u00e9nonce-le-salafisme.png 642w\" sizes=\"(max-width: 300px) 100vw, 300px\" \/><\/p>\n","protected":false},"excerpt":{"rendered":"\" Le wahhabisme est \u00e0 l'origine pour une large part de la situation que nous connaissons aujourd'hui \"... Regardez la sioniste Ruth Elkrief, elle n\u2019arr\u00eate pas de le couper, elle","protected":false},"author":2,"featured_media":0,"comment_status":"closed","ping_status":"open","sticky":false,"template":"","format":"standard","meta":[],"categories":[],"tags":[],"_links":{"self":[{"href":"https:\/\/www.lejournalduforkane.com\/index.php\/wp-json\/wp\/v2\/posts\/13869"}],"collection":[{"href":"https:\/\/www.lejournalduforkane.com\/index.php\/wp-json\/wp\/v2\/posts"}],"about":[{"href":"https:\/\/www.lejournalduforkane.com\/index.php\/wp-json\/wp\/v2\/types\/post"}],"author":[{"embeddable":true,"href":"https:\/\/www.lejournalduforkane.com\/index.php\/wp-json\/wp\/v2\/users\/2"}],"replies":[{"embeddable":true,"href":"https:\/\/www.lejournalduforkane.com\/index.php\/wp-json\/wp\/v2\/comments?post=13869"}],"version-history":[{"count":2,"href":"https:\/\/www.lejournalduforkane.com\/index.php\/wp-json\/wp\/v2\/posts\/13869\/revisions"}],"predecessor-version":[{"id":13880,"href":"https:\/\/www.lejournalduforkane.com\/index.php\/wp-json\/wp\/v2\/posts\/13869\/revisions\/13880"}],"wp:attachment":[{"href":"https:\/\/www.lejournalduforkane.com\/index.php\/wp-json\/wp\/v2\/media?parent=13869"}],"wp:term":[{"taxonomy":"category","embeddable":true,"href":"https:\/\/www.lejournalduforkane.com\/index.php\/wp-json\/wp\/v2\/categories?post=13869"},{"taxonomy":"post_tag","embeddable":true,"href":"https:\/\/www.lejournalduforkane.com\/index.php\/wp-json\/wp\/v2\/tags?post=13869"}],"curies":[{"name":"wp","href":"https:\/\/api.w.org\/{rel}","templated":true}]}}