
{"id":13894,"date":"2016-11-14T19:51:02","date_gmt":"2016-11-14T19:51:02","guid":{"rendered":"https:\/\/www.lejournalduforkane.com\/?p=13894"},"modified":"2016-11-14T19:51:02","modified_gmt":"2016-11-14T19:51:02","slug":"video-voici-une-des-prisons-ou-daesh-emprisonnait-et-violait-les-femmes-a-hammam-al-alil-ville-thermale-au-sud-de-mossoul","status":"publish","type":"post","link":"https:\/\/www.lejournalduforkane.com\/index.php\/video-voici-une-des-prisons-ou-daesh-emprisonnait-et-violait-les-femmes-a-hammam-al-alil-ville-thermale-au-sud-de-mossoul\/","title":{"rendered":"[VID\u00c9O] | Voici une des prisons o\u00f9 DAESH emprisonnait et violait les femmes, \u00e0 Hammam al-&lsquo;Alil (ville thermale au sud de Mossoul)"},"content":{"rendered":"<p><!--more--><\/p>\n<div class=\"_h8t\">\n<div class=\"_5wd9\">\n<div class=\"_5wde _n4o\">\n<div class=\"_5w1r _3_om _5wdf\">\n<div class=\"_4gx_\">\n<div class=\"_d97\"><span class=\"_5yl5\">C&rsquo;est ce qu&rsquo;on d\u00e9couvert les forces irakiennes apr\u00e8s avoir lib\u00e9r\u00e9s cette ville.<\/span><\/div>\n<\/div>\n<\/div>\n<\/div>\n<\/div>\n<\/div>\n<p><iframe loading=\"lazy\" src=\"https:\/\/www.youtube.com\/embed\/mmoDQWVv5G4\" width=\"560\" height=\"315\" frameborder=\"0\" allowfullscreen=\"allowfullscreen\"><\/iframe><\/p>\n<p><img loading=\"lazy\" class=\"alignnone size-medium wp-image-13896\" src=\"https:\/\/www.lejournalduforkane.com\/wp-content\/uploads\/2016\/11\/Voici-une-des-prisons-o\u00f9-DAESH-emprisonnait-et-violait-les-femmes-\u00e0-Hammam-al-Alil-ville-thermale-au-sud-de-Mossoul-300x168.png\" alt=\"Voici une des prisons o\u00f9 DAESH emprisonnait et violait les femmes, \u00e0 Hammam al-'Alil (ville thermale au sud de Mossoul)\" width=\"300\" height=\"168\" srcset=\"https:\/\/www.lejournalduforkane.com\/wp-content\/uploads\/2016\/11\/Voici-une-des-prisons-o\u00f9-DAESH-emprisonnait-et-violait-les-femmes-\u00e0-Hammam-al-Alil-ville-thermale-au-sud-de-Mossoul-300x168.png 300w, https:\/\/www.lejournalduforkane.com\/wp-content\/uploads\/2016\/11\/Voici-une-des-prisons-o\u00f9-DAESH-emprisonnait-et-violait-les-femmes-\u00e0-Hammam-al-Alil-ville-thermale-au-sud-de-Mossoul.png 641w\" sizes=\"(max-width: 300px) 100vw, 300px\" \/><\/p>\n","protected":false},"excerpt":{"rendered":"C'est ce qu'on d\u00e9couvert les forces irakiennes apr\u00e8s avoir lib\u00e9r\u00e9s cette ville.","protected":false},"author":2,"featured_media":13895,"comment_status":"closed","ping_status":"open","sticky":false,"template":"","format":"standard","meta":[],"categories":[],"tags":[],"_links":{"self":[{"href":"https:\/\/www.lejournalduforkane.com\/index.php\/wp-json\/wp\/v2\/posts\/13894"}],"collection":[{"href":"https:\/\/www.lejournalduforkane.com\/index.php\/wp-json\/wp\/v2\/posts"}],"about":[{"href":"https:\/\/www.lejournalduforkane.com\/index.php\/wp-json\/wp\/v2\/types\/post"}],"author":[{"embeddable":true,"href":"https:\/\/www.lejournalduforkane.com\/index.php\/wp-json\/wp\/v2\/users\/2"}],"replies":[{"embeddable":true,"href":"https:\/\/www.lejournalduforkane.com\/index.php\/wp-json\/wp\/v2\/comments?post=13894"}],"version-history":[{"count":1,"href":"https:\/\/www.lejournalduforkane.com\/index.php\/wp-json\/wp\/v2\/posts\/13894\/revisions"}],"predecessor-version":[{"id":13897,"href":"https:\/\/www.lejournalduforkane.com\/index.php\/wp-json\/wp\/v2\/posts\/13894\/revisions\/13897"}],"wp:featuredmedia":[{"embeddable":true,"href":"https:\/\/www.lejournalduforkane.com\/index.php\/wp-json\/wp\/v2\/media\/13895"}],"wp:attachment":[{"href":"https:\/\/www.lejournalduforkane.com\/index.php\/wp-json\/wp\/v2\/media?parent=13894"}],"wp:term":[{"taxonomy":"category","embeddable":true,"href":"https:\/\/www.lejournalduforkane.com\/index.php\/wp-json\/wp\/v2\/categories?post=13894"},{"taxonomy":"post_tag","embeddable":true,"href":"https:\/\/www.lejournalduforkane.com\/index.php\/wp-json\/wp\/v2\/tags?post=13894"}],"curies":[{"name":"wp","href":"https:\/\/api.w.org\/{rel}","templated":true}]}}