
{"id":13939,"date":"2018-02-04T08:20:41","date_gmt":"2018-02-04T08:20:41","guid":{"rendered":"https:\/\/www.lejournalduforkane.com\/?p=13939"},"modified":"2018-02-04T08:22:08","modified_gmt":"2018-02-04T08:22:08","slug":"regardez-comment-ces-terroristes-salafistes-de-daesh-pleurent-apres-leur-defaite-en-syrie","status":"publish","type":"post","link":"https:\/\/www.lejournalduforkane.com\/index.php\/regardez-comment-ces-terroristes-salafistes-de-daesh-pleurent-apres-leur-defaite-en-syrie\/","title":{"rendered":"Regardez comment ces terroristes salafistes de Daesh pleurent apr\u00e8s leur d\u00e9faite en Syrie"},"content":{"rendered":"<p><!--more--><\/p>\n<div data-contents=\"true\">\n<div class=\"\" style=\"text-align: justify;\" data-block=\"true\" data-editor=\"gr6f\" data-offset-key=\"c31to-0-0\">\n<div class=\"_1mf _1mj\" data-offset-key=\"c31to-0-0\"><span data-offset-key=\"c31to-0-0\"><span data-text=\"true\">On peut voir dans cette vid\u00e9o un terroriste de Daesh appelle ces \u00ab\u00a0amis\u00a0\u00bb \u00e0 ne pas quitter le champs de bataille et que des vierges les attendent au Paradis !!! &#8211;<\/span><\/span><\/div>\n<\/div>\n<div class=\"\" style=\"text-align: justify;\" data-block=\"true\" data-editor=\"gr6f\" data-offset-key=\"8ies9-0-0\">\n<div class=\"_1mf _1mj\" data-offset-key=\"8ies9-0-0\"><span data-offset-key=\"8ies9-0-0\">\u00a0<\/span><\/div>\n<\/div>\n<div class=\"\" style=\"text-align: justify;\" data-block=\"true\" data-editor=\"gr6f\" data-offset-key=\"dhncl-0-0\">\n<div class=\"_1mf _1mj\" data-offset-key=\"dhncl-0-0\"><span data-offset-key=\"dhncl-0-0\"><span data-text=\"true\">L\u2019arm\u00e9e syrienne inflige une d\u00e9faite totale au parti du diable qui malgr\u00e9 ces dizaines de milliers de mercenaires salafistes enr\u00f4l\u00e9s et financ\u00e9s par l\u2019h\u00e9r\u00e9tique Arabie ; entra\u00een\u00e9s et sur-\u00e9quip\u00e9s par des instructeurs am\u00e9ricains, europ\u00e9ens ou isra\u00e9liens, est oblig\u00e9 de battre en retraite \u00e0 chaque fois\u2026<\/span><\/span><\/div>\n<\/div>\n<div class=\"\" style=\"text-align: justify;\" data-block=\"true\" data-editor=\"gr6f\" data-offset-key=\"6fp9v-0-0\">\n<div class=\"_1mf _1mj\" data-offset-key=\"6fp9v-0-0\"><span data-offset-key=\"6fp9v-0-0\">\u00a0<\/span><\/div>\n<\/div>\n<div class=\"\" data-block=\"true\" data-editor=\"gr6f\" data-offset-key=\"5skg9-0-0\">\n<div class=\"_1mf _1mj\" style=\"text-align: justify;\" data-offset-key=\"5skg9-0-0\"><span data-offset-key=\"5skg9-0-0\"><span data-text=\"true\">En savoir plus: <a href=\"https:\/\/www.lejournalduforkane.com\/index.php\/article-le-parti-du-diable-veut-faire-sombrer-la-syrie-dans-le-chaos\/\">https:\/\/www.lejournalduforkane.com\/index.php\/article-le-parti-du-diable-veut-faire-sombrer-la-syrie-dans-le-chaos\/<\/a><\/span><\/span><\/div>\n<div class=\"_1mf _1mj\" style=\"text-align: justify;\" data-offset-key=\"5skg9-0-0\"><\/div>\n<\/div>\n<\/div>\n<p><iframe loading=\"lazy\" src=\"https:\/\/www.youtube.com\/embed\/lIE-AN0q01I\" width=\"560\" height=\"315\" frameborder=\"0\" allowfullscreen=\"allowfullscreen\"><\/iframe><\/p>\n","protected":false},"excerpt":{"rendered":"On peut voir dans cette vid\u00e9o un terroriste de Daesh appelle ces \"amis\" \u00e0 ne pas quitter le champs de bataille et que des vierges les attendent au Paradis !!!","protected":false},"author":2,"featured_media":0,"comment_status":"closed","ping_status":"open","sticky":false,"template":"","format":"standard","meta":[],"categories":[49],"tags":[],"_links":{"self":[{"href":"https:\/\/www.lejournalduforkane.com\/index.php\/wp-json\/wp\/v2\/posts\/13939"}],"collection":[{"href":"https:\/\/www.lejournalduforkane.com\/index.php\/wp-json\/wp\/v2\/posts"}],"about":[{"href":"https:\/\/www.lejournalduforkane.com\/index.php\/wp-json\/wp\/v2\/types\/post"}],"author":[{"embeddable":true,"href":"https:\/\/www.lejournalduforkane.com\/index.php\/wp-json\/wp\/v2\/users\/2"}],"replies":[{"embeddable":true,"href":"https:\/\/www.lejournalduforkane.com\/index.php\/wp-json\/wp\/v2\/comments?post=13939"}],"version-history":[{"count":4,"href":"https:\/\/www.lejournalduforkane.com\/index.php\/wp-json\/wp\/v2\/posts\/13939\/revisions"}],"predecessor-version":[{"id":19318,"href":"https:\/\/www.lejournalduforkane.com\/index.php\/wp-json\/wp\/v2\/posts\/13939\/revisions\/19318"}],"wp:attachment":[{"href":"https:\/\/www.lejournalduforkane.com\/index.php\/wp-json\/wp\/v2\/media?parent=13939"}],"wp:term":[{"taxonomy":"category","embeddable":true,"href":"https:\/\/www.lejournalduforkane.com\/index.php\/wp-json\/wp\/v2\/categories?post=13939"},{"taxonomy":"post_tag","embeddable":true,"href":"https:\/\/www.lejournalduforkane.com\/index.php\/wp-json\/wp\/v2\/tags?post=13939"}],"curies":[{"name":"wp","href":"https:\/\/api.w.org\/{rel}","templated":true}]}}